{"id":127135,"date":"2021-09-15T06:00:00","date_gmt":"2021-09-15T10:00:00","guid":{"rendered":"https:\/\/linitiative.ca\/International\/triomphe-aux-dames\/"},"modified":"2021-09-15T06:00:00","modified_gmt":"2021-09-15T10:00:00","slug":"triomphe-aux-dames","status":"publish","type":"post","link":"https:\/\/linitiative.ca\/International\/triomphe-aux-dames\/","title":{"rendered":"Triomphe aux dames !"},"content":{"rendered":"<div>La 78e \u00e9dition de la Mostra de Venise s\u2019est achev\u00e9e le 11 septembre pass\u00e9 sur un triomphe f\u00e9minin. Le sacre de cette ann\u00e9e est revenu \u00e0 Audrey Diwan pour son film  L\u2019\u00e9v\u00e9nement adapt\u00e9 du roman \u00e9ponyme d\u2019Annie Ernaux.<\/div>\n<p>Auteur:<br \/>\n<a href=\"https:\/\/www.lesoirdalgerie.com\/culture\/triomphe-aux-dames-67487\">Cliquez ici pour lire l&rsquo;article depuis sa source.<\/a><\/p>\n","protected":false},"excerpt":{"rendered":"<p>La 78e \u00e9dition de la Mostra de Venise s\u2019est achev\u00e9e le 11 septembre pass\u00e9 sur un triomphe f\u00e9minin. Le sacre de cette ann\u00e9e est revenu \u00e0 Audrey Diwan pour son film L\u2019\u00e9v\u00e9nement adapt\u00e9 du roman \u00e9ponyme d\u2019Annie Ernaux. Auteur: Cliquez ici pour lire l&rsquo;article depuis sa source.<\/p>\n","protected":false},"author":1741,"featured_media":0,"comment_status":"closed","ping_status":"closed","sticky":false,"template":"","format":"standard","meta":{"fifu_image_url":"","fifu_image_alt":"","footnotes":""},"categories":[73,53],"tags":[],"class_list":["post-127135","post","type-post","status-publish","format-standard","hentry","category-actualite","category-algerie"],"_links":{"self":[{"href":"https:\/\/linitiative.ca\/International\/wp-json\/wp\/v2\/posts\/127135","targetHints":{"allow":["GET"]}}],"collection":[{"href":"https:\/\/linitiative.ca\/International\/wp-json\/wp\/v2\/posts"}],"about":[{"href":"https:\/\/linitiative.ca\/International\/wp-json\/wp\/v2\/types\/post"}],"author":[{"embeddable":true,"href":"https:\/\/linitiative.ca\/International\/wp-json\/wp\/v2\/users\/1741"}],"replies":[{"embeddable":true,"href":"https:\/\/linitiative.ca\/International\/wp-json\/wp\/v2\/comments?post=127135"}],"version-history":[{"count":0,"href":"https:\/\/linitiative.ca\/International\/wp-json\/wp\/v2\/posts\/127135\/revisions"}],"wp:attachment":[{"href":"https:\/\/linitiative.ca\/International\/wp-json\/wp\/v2\/media?parent=127135"}],"wp:term":[{"taxonomy":"category","embeddable":true,"href":"https:\/\/linitiative.ca\/International\/wp-json\/wp\/v2\/categories?post=127135"},{"taxonomy":"post_tag","embeddable":true,"href":"https:\/\/linitiative.ca\/International\/wp-json\/wp\/v2\/tags?post=127135"}],"curies":[{"name":"wp","href":"https:\/\/api.w.org\/{rel}","templated":true}]}}