{"id":127139,"date":"2021-09-15T06:00:00","date_gmt":"2021-09-15T10:00:00","guid":{"rendered":"https:\/\/linitiative.ca\/International\/deux-records-pour-le-president-de-la-cour-des-comptes\/"},"modified":"2021-09-15T06:00:00","modified_gmt":"2021-09-15T10:00:00","slug":"deux-records-pour-le-president-de-la-cour-des-comptes","status":"publish","type":"post","link":"https:\/\/linitiative.ca\/International\/deux-records-pour-le-president-de-la-cour-des-comptes\/","title":{"rendered":"Deux records pour le pr\u00e9sident de la Cour des comptes"},"content":{"rendered":"<div>Le pr\u00e9sident de la Cour des comptes, Abdelkader Benmarouf, peut se targuer de d\u00e9tenir deux records. En effet, il est \u00e0 la t\u00eate de cette institution depuis 26 ans et il est \u00e9galement le<\/div>\n<p>Auteur:<br \/>\n<a href=\"https:\/\/www.lesoirdalgerie.com\/periscoop\/deux-records-pour-le-president-de-la-cour-des-comptes-67483\">Cliquez ici pour lire l&rsquo;article depuis sa source.<\/a><\/p>\n","protected":false},"excerpt":{"rendered":"<p>Le pr\u00e9sident de la Cour des comptes, Abdelkader Benmarouf, peut se targuer de d\u00e9tenir deux records. En effet, il est \u00e0 la t\u00eate de cette institution depuis 26 ans et il est \u00e9galement le Auteur: Cliquez ici pour lire l&rsquo;article depuis sa source.<\/p>\n","protected":false},"author":1741,"featured_media":0,"comment_status":"closed","ping_status":"closed","sticky":false,"template":"","format":"standard","meta":{"fifu_image_url":"","fifu_image_alt":"","footnotes":""},"categories":[73,53],"tags":[],"class_list":["post-127139","post","type-post","status-publish","format-standard","hentry","category-actualite","category-algerie"],"_links":{"self":[{"href":"https:\/\/linitiative.ca\/International\/wp-json\/wp\/v2\/posts\/127139","targetHints":{"allow":["GET"]}}],"collection":[{"href":"https:\/\/linitiative.ca\/International\/wp-json\/wp\/v2\/posts"}],"about":[{"href":"https:\/\/linitiative.ca\/International\/wp-json\/wp\/v2\/types\/post"}],"author":[{"embeddable":true,"href":"https:\/\/linitiative.ca\/International\/wp-json\/wp\/v2\/users\/1741"}],"replies":[{"embeddable":true,"href":"https:\/\/linitiative.ca\/International\/wp-json\/wp\/v2\/comments?post=127139"}],"version-history":[{"count":0,"href":"https:\/\/linitiative.ca\/International\/wp-json\/wp\/v2\/posts\/127139\/revisions"}],"wp:attachment":[{"href":"https:\/\/linitiative.ca\/International\/wp-json\/wp\/v2\/media?parent=127139"}],"wp:term":[{"taxonomy":"category","embeddable":true,"href":"https:\/\/linitiative.ca\/International\/wp-json\/wp\/v2\/categories?post=127139"},{"taxonomy":"post_tag","embeddable":true,"href":"https:\/\/linitiative.ca\/International\/wp-json\/wp\/v2\/tags?post=127139"}],"curies":[{"name":"wp","href":"https:\/\/api.w.org\/{rel}","templated":true}]}}