{"id":127140,"date":"2021-09-15T11:15:14","date_gmt":"2021-09-15T15:15:14","guid":{"rendered":"https:\/\/linitiative.ca\/International\/world-mayor-award-le-maire-de-rotterdam-dorigine-marocaine-prime\/"},"modified":"2021-09-15T11:15:14","modified_gmt":"2021-09-15T15:15:14","slug":"world-mayor-award-le-maire-de-rotterdam-dorigine-marocaine-prime","status":"publish","type":"post","link":"https:\/\/linitiative.ca\/International\/world-mayor-award-le-maire-de-rotterdam-dorigine-marocaine-prime\/","title":{"rendered":"World Mayor Award. Le maire de Rotterdam d\u2019origine marocaine prim\u00e9"},"content":{"rendered":"<div><img decoding=\"async\" width=\"638\" height=\"406\" src=\"https:\/\/linitiative.ca\/International\/wp-content\/uploads\/sites\/23\/2021\/09\/Ahmed-Aboutaleb-maire-de-Rotterdam-.jpg\" class=\"attachment-post-thumbnail size-post-thumbnail wp-post-image\" alt=\"\" loading=\"lazy\" srcset=\"https:\/\/linitiative.ca\/International\/wp-content\/uploads\/sites\/23\/2021\/09\/Ahmed-Aboutaleb-maire-de-Rotterdam-.jpg 638w, https:\/\/www.challenge.ma\/wp-content\/uploads\/2021\/09\/Ahmed-Aboutaleb-maire-de-Rotterdam--300x191.jpg 300w, https:\/\/www.challenge.ma\/wp-content\/uploads\/2021\/09\/Ahmed-Aboutaleb-maire-de-Rotterdam--360x229.jpg 360w\" sizes=\"auto, (max-width: 638px) 100vw, 638px\" itemprop=\"image\">Le World Mayor Award (Prix mondial des maires) 2021 a \u00e9t\u00e9 d\u00e9cern\u00e9 \u00e0 Ahmed Aboutaleb pour son engagement \u00e0 traiter tous les citoyens comme des \u00ab\u00a0Rotterdamois \u00bb, quelles que soient leurs origines. Ahmed Aboutaleb, l\u2019un des maires les plus anciens et les plus respect\u00e9s d\u2019Europe, dirige la ville de Rotterdam<\/div>\n<p>Auteur: challenge<br \/>\n<a href=\"https:\/\/www.challenge.ma\/world-mayor-award-le-maire-de-rotterdam-dorigine-marocaine-prime-220955\/\">Cliquez ici pour lire l&rsquo;article depuis sa source.<\/a><\/p>\n","protected":false},"excerpt":{"rendered":"<p>Le World Mayor Award (Prix mondial des maires) 2021 a \u00e9t\u00e9 d\u00e9cern\u00e9 \u00e0 Ahmed Aboutaleb pour son engagement \u00e0 traiter tous les citoyens comme des \u00ab\u00a0Rotterdamois \u00bb, quelles que soient leurs origines. Ahmed Aboutaleb, l\u2019un des maires les plus anciens et les plus respect\u00e9s d\u2019Europe, dirige la ville de Rotterdam Auteur: challenge Cliquez ici pour [&hellip;]<\/p>\n","protected":false},"author":1787,"featured_media":0,"comment_status":"closed","ping_status":"closed","sticky":false,"template":"","format":"standard","meta":{"fifu_image_url":"https:\/\/www.challenge.ma\/wp-content\/uploads\/2021\/09\/Ahmed-Aboutaleb-maire-de-Rotterdam-.jpg","fifu_image_alt":"World Mayor Award. Le maire de Rotterdam d\u2019origine marocaine prim\u00e9","footnotes":""},"categories":[78,54],"tags":[],"class_list":["post-127140","post","type-post","status-publish","format-standard","hentry","category-economie","category-maroc"],"_links":{"self":[{"href":"https:\/\/linitiative.ca\/International\/wp-json\/wp\/v2\/posts\/127140","targetHints":{"allow":["GET"]}}],"collection":[{"href":"https:\/\/linitiative.ca\/International\/wp-json\/wp\/v2\/posts"}],"about":[{"href":"https:\/\/linitiative.ca\/International\/wp-json\/wp\/v2\/types\/post"}],"author":[{"embeddable":true,"href":"https:\/\/linitiative.ca\/International\/wp-json\/wp\/v2\/users\/1787"}],"replies":[{"embeddable":true,"href":"https:\/\/linitiative.ca\/International\/wp-json\/wp\/v2\/comments?post=127140"}],"version-history":[{"count":0,"href":"https:\/\/linitiative.ca\/International\/wp-json\/wp\/v2\/posts\/127140\/revisions"}],"wp:attachment":[{"href":"https:\/\/linitiative.ca\/International\/wp-json\/wp\/v2\/media?parent=127140"}],"wp:term":[{"taxonomy":"category","embeddable":true,"href":"https:\/\/linitiative.ca\/International\/wp-json\/wp\/v2\/categories?post=127140"},{"taxonomy":"post_tag","embeddable":true,"href":"https:\/\/linitiative.ca\/International\/wp-json\/wp\/v2\/tags?post=127140"}],"curies":[{"name":"wp","href":"https:\/\/api.w.org\/{rel}","templated":true}]}}