{"id":127144,"date":"2021-09-15T12:04:22","date_gmt":"2021-09-15T16:04:22","guid":{"rendered":"https:\/\/linitiative.ca\/International\/s-m-le-roi-nomme-le-general-de-corps-darmee-belkhir-el-farouk-en-tant-quinspecteur-general-des-far\/"},"modified":"2021-09-15T12:04:22","modified_gmt":"2021-09-15T16:04:22","slug":"s-m-le-roi-nomme-le-general-de-corps-darmee-belkhir-el-farouk-en-tant-quinspecteur-general-des-far","status":"publish","type":"post","link":"https:\/\/linitiative.ca\/International\/s-m-le-roi-nomme-le-general-de-corps-darmee-belkhir-el-farouk-en-tant-quinspecteur-general-des-far\/","title":{"rendered":"S.M. le Roi nomme le G\u00e9n\u00e9ral de Corps d\u2019arm\u00e9e Belkhir El Farouk en tant qu\u2019inspecteur g\u00e9n\u00e9ral des FAR"},"content":{"rendered":"<div><img decoding=\"async\" width=\"588\" height=\"331\" src=\"https:\/\/linitiative.ca\/International\/wp-content\/uploads\/sites\/23\/2021\/09\/s.m.-le-Roi-.jpeg\" class=\"attachment-post-thumbnail size-post-thumbnail wp-post-image\" alt=\"\" loading=\"lazy\" srcset=\"https:\/\/linitiative.ca\/International\/wp-content\/uploads\/sites\/23\/2021\/09\/s.m.-le-Roi-.jpeg 588w, https:\/\/www.challenge.ma\/wp-content\/uploads\/2021\/07\/s.m.-le-Roi--300x169.jpeg 300w, https:\/\/www.challenge.ma\/wp-content\/uploads\/2021\/07\/s.m.-le-Roi--360x203.jpeg 360w\" sizes=\"auto, (max-width: 588px) 100vw, 588px\" itemprop=\"image\">S.M. le Roi Mohammed VI, Chef Supr\u00eame et Chef d\u2019Etat-Major G\u00e9n\u00e9ral des FAR a nomm\u00e9 le G\u00e9n\u00e9ral de Corps d\u2019arm\u00e9e, Belkhir El Farouk, inspecteur g\u00e9n\u00e9ral des FAR, en remplacement du G\u00e9n\u00e9ral de Corps d\u2019arm\u00e9e, Abdelfattah Louarak. Le g\u00e9n\u00e9ral de corps d\u2019arm\u00e9e Belkhir El Farouk a \u00e9t\u00e9 choisi pour ce poste<\/div>\n<p>Auteur: challenge<br \/>\n<a href=\"https:\/\/www.challenge.ma\/s-m-le-roi-nomme-le-general-de-corps-darmee-belkhir-el-farouk-en-tant-quinspecteur-general-des-far-220976\/\">Cliquez ici pour lire l&rsquo;article depuis sa source.<\/a><\/p>\n","protected":false},"excerpt":{"rendered":"<p>S.M. le Roi Mohammed VI, Chef Supr\u00eame et Chef d\u2019Etat-Major G\u00e9n\u00e9ral des FAR a nomm\u00e9 le G\u00e9n\u00e9ral de Corps d\u2019arm\u00e9e, Belkhir El Farouk, inspecteur g\u00e9n\u00e9ral des FAR, en remplacement du G\u00e9n\u00e9ral de Corps d\u2019arm\u00e9e, Abdelfattah Louarak. Le g\u00e9n\u00e9ral de corps d\u2019arm\u00e9e Belkhir El Farouk a \u00e9t\u00e9 choisi pour ce poste Auteur: challenge Cliquez ici pour [&hellip;]<\/p>\n","protected":false},"author":1787,"featured_media":0,"comment_status":"closed","ping_status":"closed","sticky":false,"template":"","format":"standard","meta":{"fifu_image_url":"https:\/\/www.challenge.ma\/wp-content\/uploads\/2021\/07\/s.m.-le-Roi-.jpeg","fifu_image_alt":"S.M. le Roi nomme le G\u00e9n\u00e9ral de Corps d\u2019arm\u00e9e Belkhir El Farouk en tant qu\u2019inspecteur g\u00e9n\u00e9ral des FAR","footnotes":""},"categories":[78,54],"tags":[],"class_list":["post-127144","post","type-post","status-publish","format-standard","hentry","category-economie","category-maroc"],"_links":{"self":[{"href":"https:\/\/linitiative.ca\/International\/wp-json\/wp\/v2\/posts\/127144","targetHints":{"allow":["GET"]}}],"collection":[{"href":"https:\/\/linitiative.ca\/International\/wp-json\/wp\/v2\/posts"}],"about":[{"href":"https:\/\/linitiative.ca\/International\/wp-json\/wp\/v2\/types\/post"}],"author":[{"embeddable":true,"href":"https:\/\/linitiative.ca\/International\/wp-json\/wp\/v2\/users\/1787"}],"replies":[{"embeddable":true,"href":"https:\/\/linitiative.ca\/International\/wp-json\/wp\/v2\/comments?post=127144"}],"version-history":[{"count":0,"href":"https:\/\/linitiative.ca\/International\/wp-json\/wp\/v2\/posts\/127144\/revisions"}],"wp:attachment":[{"href":"https:\/\/linitiative.ca\/International\/wp-json\/wp\/v2\/media?parent=127144"}],"wp:term":[{"taxonomy":"category","embeddable":true,"href":"https:\/\/linitiative.ca\/International\/wp-json\/wp\/v2\/categories?post=127144"},{"taxonomy":"post_tag","embeddable":true,"href":"https:\/\/linitiative.ca\/International\/wp-json\/wp\/v2\/tags?post=127144"}],"curies":[{"name":"wp","href":"https:\/\/api.w.org\/{rel}","templated":true}]}}