{"id":127146,"date":"2021-09-15T15:00:00","date_gmt":"2021-09-15T19:00:00","guid":{"rendered":"https:\/\/linitiative.ca\/International\/aziz-akhannouch-nouveau-chef-de-gouvernement-les-contours-de-la-majorite-gouvernementale-se-preciseront-au-cours-de-la-semaine-prochaine\/"},"modified":"2021-09-15T15:00:00","modified_gmt":"2021-09-15T19:00:00","slug":"aziz-akhannouch-nouveau-chef-de-gouvernement-les-contours-de-la-majorite-gouvernementale-se-preciseront-au-cours-de-la-semaine-prochaine","status":"publish","type":"post","link":"https:\/\/linitiative.ca\/International\/aziz-akhannouch-nouveau-chef-de-gouvernement-les-contours-de-la-majorite-gouvernementale-se-preciseront-au-cours-de-la-semaine-prochaine\/","title":{"rendered":"Aziz Akhannouch, nouveau Chef de gouvernement : \u00ab Les contours de la majorit\u00e9 gouvernementale se pr\u00e9ciseront au cours de la semaine prochaine \u00bb"},"content":{"rendered":"<div><img decoding=\"async\" width=\"822\" height=\"612\" src=\"https:\/\/linitiative.ca\/International\/wp-content\/uploads\/sites\/23\/2021\/09\/693e7cdf-10ad-4aab-ae4c-179d2b8843f9-2.jpg\" class=\"attachment-post-thumbnail size-post-thumbnail wp-post-image\" alt=\"\" loading=\"lazy\" srcset=\"https:\/\/linitiative.ca\/International\/wp-content\/uploads\/sites\/23\/2021\/09\/693e7cdf-10ad-4aab-ae4c-179d2b8843f9-2.jpg 822w, https:\/\/www.challenge.ma\/wp-content\/uploads\/2021\/09\/693e7cdf-10ad-4aab-ae4c-179d2b8843f9-2-300x223.jpg 300w, https:\/\/www.challenge.ma\/wp-content\/uploads\/2021\/09\/693e7cdf-10ad-4aab-ae4c-179d2b8843f9-2-768x572.jpg 768w, https:\/\/www.challenge.ma\/wp-content\/uploads\/2021\/09\/693e7cdf-10ad-4aab-ae4c-179d2b8843f9-2-360x268.jpg 360w, https:\/\/www.challenge.ma\/wp-content\/uploads\/2021\/09\/693e7cdf-10ad-4aab-ae4c-179d2b8843f9-2-750x558.jpg 750w\" sizes=\"auto, (max-width: 822px) 100vw, 822px\" itemprop=\"image\">Selon le Chef du gouvernement d\u00e9sign\u00e9, Aziz Akhannouch, les contours du nouveau gouvernement seront connus au cours de la semaine prochaine. \u00ab\u00a0Le premier round des consultations pour la formation du gouvernement, qui se poursuivront r\u00e9guli\u00e8rement, \u00e9tait important et fructueux et les contours de la majorit\u00e9 gouvernementale se pr\u00e9ciseront au cours<\/div>\n<p>Auteur: challenge<br \/>\n<a href=\"https:\/\/www.challenge.ma\/aziz-akhannouch-nouveau-chef-de-gouvernement-les-contours-de-la-majorite-gouvernementale-se-preciseront-au-cours-de-la-semaine-prochaine-220993\/\">Cliquez ici pour lire l&rsquo;article depuis sa source.<\/a><\/p>\n","protected":false},"excerpt":{"rendered":"<p>Selon le Chef du gouvernement d\u00e9sign\u00e9, Aziz Akhannouch, les contours du nouveau gouvernement seront connus au cours de la semaine prochaine. \u00ab\u00a0Le premier round des consultations pour la formation du gouvernement, qui se poursuivront r\u00e9guli\u00e8rement, \u00e9tait important et fructueux et les contours de la majorit\u00e9 gouvernementale se pr\u00e9ciseront au cours Auteur: challenge Cliquez ici pour [&hellip;]<\/p>\n","protected":false},"author":1787,"featured_media":0,"comment_status":"closed","ping_status":"closed","sticky":false,"template":"","format":"standard","meta":{"fifu_image_url":"https:\/\/www.challenge.ma\/wp-content\/uploads\/2021\/09\/693e7cdf-10ad-4aab-ae4c-179d2b8843f9-2.jpg","fifu_image_alt":"Aziz Akhannouch, nouveau Chef de gouvernement : \u00ab Les contours de la majorit\u00e9 gouvernementale se pr\u00e9ciseront au cours de la semaine prochaine \u00bb","footnotes":""},"categories":[78,54],"tags":[],"class_list":["post-127146","post","type-post","status-publish","format-standard","hentry","category-economie","category-maroc"],"_links":{"self":[{"href":"https:\/\/linitiative.ca\/International\/wp-json\/wp\/v2\/posts\/127146","targetHints":{"allow":["GET"]}}],"collection":[{"href":"https:\/\/linitiative.ca\/International\/wp-json\/wp\/v2\/posts"}],"about":[{"href":"https:\/\/linitiative.ca\/International\/wp-json\/wp\/v2\/types\/post"}],"author":[{"embeddable":true,"href":"https:\/\/linitiative.ca\/International\/wp-json\/wp\/v2\/users\/1787"}],"replies":[{"embeddable":true,"href":"https:\/\/linitiative.ca\/International\/wp-json\/wp\/v2\/comments?post=127146"}],"version-history":[{"count":0,"href":"https:\/\/linitiative.ca\/International\/wp-json\/wp\/v2\/posts\/127146\/revisions"}],"wp:attachment":[{"href":"https:\/\/linitiative.ca\/International\/wp-json\/wp\/v2\/media?parent=127146"}],"wp:term":[{"taxonomy":"category","embeddable":true,"href":"https:\/\/linitiative.ca\/International\/wp-json\/wp\/v2\/categories?post=127146"},{"taxonomy":"post_tag","embeddable":true,"href":"https:\/\/linitiative.ca\/International\/wp-json\/wp\/v2\/tags?post=127146"}],"curies":[{"name":"wp","href":"https:\/\/api.w.org\/{rel}","templated":true}]}}