{"id":127153,"date":"2021-09-15T17:07:33","date_gmt":"2021-09-15T21:07:33","guid":{"rendered":"https:\/\/linitiative.ca\/International\/la-tunisie-aurait-exige-levacuation-des-combattants-etrangers-de-la-base-dal-watiya-avant-de-rouvrir-les-frontieres-avec-la-libye\/"},"modified":"2021-09-15T17:07:33","modified_gmt":"2021-09-15T21:07:33","slug":"la-tunisie-aurait-exige-levacuation-des-combattants-etrangers-de-la-base-dal-watiya-avant-de-rouvrir-les-frontieres-avec-la-libye","status":"publish","type":"post","link":"https:\/\/linitiative.ca\/International\/la-tunisie-aurait-exige-levacuation-des-combattants-etrangers-de-la-base-dal-watiya-avant-de-rouvrir-les-frontieres-avec-la-libye\/","title":{"rendered":"La Tunisie aurait exig\u00e9 l\u2019\u00e9vacuation des combattants \u00e9trangers de la base d\u2019Al Watiya avant de rouvrir les fronti\u00e8res avec la Libye"},"content":{"rendered":"<div>\n<p>Le canal 218 libyen a annonc\u00e9 qu\u2019une caravane faite de plusieurs bus charg\u00e9s de combattants turcs et syriens, ainsi que des v\u00e9hicules tous terrains emmenant des officiers, a quitt\u00e9 la base d\u2019Al Watiya, pr\u00e8s des fronti\u00e8res tunisiennes, dans le sud ouest libyen, pour se diriger vers la base de Ma\u00eftiga, \u00e0 Tripoli. Le m\u00eame canal [\u2026]<\/p>\n<p>L\u2019article <a href=\"https:\/\/www.tunisienumerique.com\/la-tunisie-aurait-exige-levacuation-des-combattants-etrangers-de-la-base-dal-watiya-avant-de-rouvrir-les-frontieres-avec-la-libye\/\">La Tunisie aurait exig\u00e9 l\u2019\u00e9vacuation des combattants \u00e9trangers de la base d\u2019Al Watiya avant de rouvrir les fronti\u00e8res avec la Libye<\/a> est apparu en premier sur <a href=\"https:\/\/www.tunisienumerique.com\/\">Tunisie<\/a>.<\/p>\n<\/div>\n<p>Auteur: LM<br \/>\n<a href=\"https:\/\/www.tunisienumerique.com\/la-tunisie-aurait-exige-levacuation-des-combattants-etrangers-de-la-base-dal-watiya-avant-de-rouvrir-les-frontieres-avec-la-libye\/\">Cliquez ici pour lire l&rsquo;article depuis sa source.<\/a><\/p>\n","protected":false},"excerpt":{"rendered":"<p>Le canal 218 libyen a annonc\u00e9 qu\u2019une caravane faite de plusieurs bus charg\u00e9s de combattants turcs et syriens, ainsi que des v\u00e9hicules tous terrains emmenant des officiers, a quitt\u00e9 la base d\u2019Al Watiya, pr\u00e8s des fronti\u00e8res tunisiennes, dans le sud ouest libyen, pour se diriger vers la base de Ma\u00eftiga, \u00e0 Tripoli. Le m\u00eame canal [&hellip;]<\/p>\n","protected":false},"author":1789,"featured_media":0,"comment_status":"closed","ping_status":"closed","sticky":false,"template":"","format":"standard","meta":{"fifu_image_url":"","fifu_image_alt":"","footnotes":""},"categories":[73,55],"tags":[],"class_list":["post-127153","post","type-post","status-publish","format-standard","hentry","category-actualite","category-tunisie"],"_links":{"self":[{"href":"https:\/\/linitiative.ca\/International\/wp-json\/wp\/v2\/posts\/127153","targetHints":{"allow":["GET"]}}],"collection":[{"href":"https:\/\/linitiative.ca\/International\/wp-json\/wp\/v2\/posts"}],"about":[{"href":"https:\/\/linitiative.ca\/International\/wp-json\/wp\/v2\/types\/post"}],"author":[{"embeddable":true,"href":"https:\/\/linitiative.ca\/International\/wp-json\/wp\/v2\/users\/1789"}],"replies":[{"embeddable":true,"href":"https:\/\/linitiative.ca\/International\/wp-json\/wp\/v2\/comments?post=127153"}],"version-history":[{"count":0,"href":"https:\/\/linitiative.ca\/International\/wp-json\/wp\/v2\/posts\/127153\/revisions"}],"wp:attachment":[{"href":"https:\/\/linitiative.ca\/International\/wp-json\/wp\/v2\/media?parent=127153"}],"wp:term":[{"taxonomy":"category","embeddable":true,"href":"https:\/\/linitiative.ca\/International\/wp-json\/wp\/v2\/categories?post=127153"},{"taxonomy":"post_tag","embeddable":true,"href":"https:\/\/linitiative.ca\/International\/wp-json\/wp\/v2\/tags?post=127153"}],"curies":[{"name":"wp","href":"https:\/\/api.w.org\/{rel}","templated":true}]}}