{"id":127154,"date":"2021-09-15T17:17:02","date_gmt":"2021-09-15T21:17:02","guid":{"rendered":"https:\/\/linitiative.ca\/International\/tunisie-le-nouveau-protocole-sanitaire-pour-les-deplacements-entre-la-libye-et-la-tunisie\/"},"modified":"2021-09-15T17:17:02","modified_gmt":"2021-09-15T21:17:02","slug":"tunisie-le-nouveau-protocole-sanitaire-pour-les-deplacements-entre-la-libye-et-la-tunisie","status":"publish","type":"post","link":"https:\/\/linitiative.ca\/International\/tunisie-le-nouveau-protocole-sanitaire-pour-les-deplacements-entre-la-libye-et-la-tunisie\/","title":{"rendered":"Tunisie \u2013 Le nouveau protocole sanitaire pour les d\u00e9placements entre la Libye et la Tunisie"},"content":{"rendered":"<div>\n<p>La commission mixte tuniso-libyenne qui s\u2019est r\u00e9unie, ce mercredi, \u00e0 Djerba, a ent\u00e9rin\u00e9 le protocole sanitaire particulier \u00e9labor\u00e9 par les commissions scientifiques anti covid des deux pays, pour r\u00e9tablir les d\u00e9placements des citoyens entre les deux pays. Selon ce protocole, les citoyens des deux pays vaccin\u00e9s se contenteront de pr\u00e9senter un test PCR n\u00e9gatif, et [\u2026]<\/p>\n<p>L\u2019article <a href=\"https:\/\/www.tunisienumerique.com\/tunisie-le-nouveau-protocole-sanitaire-pour-les-deplacements-entre-la-libye-et-la-tunisie\/\">Tunisie \u2013 Le nouveau protocole sanitaire pour les d\u00e9placements entre la Libye et la Tunisie<\/a> est apparu en premier sur <a href=\"https:\/\/www.tunisienumerique.com\/\">Tunisie<\/a>.<\/p>\n<\/div>\n<p>Auteur: LM<br \/>\n<a href=\"https:\/\/www.tunisienumerique.com\/tunisie-le-nouveau-protocole-sanitaire-pour-les-deplacements-entre-la-libye-et-la-tunisie\/\">Cliquez ici pour lire l&rsquo;article depuis sa source.<\/a><\/p>\n","protected":false},"excerpt":{"rendered":"<p>La commission mixte tuniso-libyenne qui s\u2019est r\u00e9unie, ce mercredi, \u00e0 Djerba, a ent\u00e9rin\u00e9 le protocole sanitaire particulier \u00e9labor\u00e9 par les commissions scientifiques anti covid des deux pays, pour r\u00e9tablir les d\u00e9placements des citoyens entre les deux pays. Selon ce protocole, les citoyens des deux pays vaccin\u00e9s se contenteront de pr\u00e9senter un test PCR n\u00e9gatif, et [&hellip;]<\/p>\n","protected":false},"author":1789,"featured_media":0,"comment_status":"closed","ping_status":"closed","sticky":false,"template":"","format":"standard","meta":{"fifu_image_url":"","fifu_image_alt":"","footnotes":""},"categories":[73,55],"tags":[],"class_list":["post-127154","post","type-post","status-publish","format-standard","hentry","category-actualite","category-tunisie"],"_links":{"self":[{"href":"https:\/\/linitiative.ca\/International\/wp-json\/wp\/v2\/posts\/127154","targetHints":{"allow":["GET"]}}],"collection":[{"href":"https:\/\/linitiative.ca\/International\/wp-json\/wp\/v2\/posts"}],"about":[{"href":"https:\/\/linitiative.ca\/International\/wp-json\/wp\/v2\/types\/post"}],"author":[{"embeddable":true,"href":"https:\/\/linitiative.ca\/International\/wp-json\/wp\/v2\/users\/1789"}],"replies":[{"embeddable":true,"href":"https:\/\/linitiative.ca\/International\/wp-json\/wp\/v2\/comments?post=127154"}],"version-history":[{"count":0,"href":"https:\/\/linitiative.ca\/International\/wp-json\/wp\/v2\/posts\/127154\/revisions"}],"wp:attachment":[{"href":"https:\/\/linitiative.ca\/International\/wp-json\/wp\/v2\/media?parent=127154"}],"wp:term":[{"taxonomy":"category","embeddable":true,"href":"https:\/\/linitiative.ca\/International\/wp-json\/wp\/v2\/categories?post=127154"},{"taxonomy":"post_tag","embeddable":true,"href":"https:\/\/linitiative.ca\/International\/wp-json\/wp\/v2\/tags?post=127154"}],"curies":[{"name":"wp","href":"https:\/\/api.w.org\/{rel}","templated":true}]}}