{"id":127155,"date":"2021-09-15T15:40:12","date_gmt":"2021-09-15T19:40:12","guid":{"rendered":"https:\/\/linitiative.ca\/International\/repression-dune-manif-de-lopposition-en-rdc\/"},"modified":"2021-09-15T15:40:12","modified_gmt":"2021-09-15T19:40:12","slug":"repression-dune-manif-de-lopposition-en-rdc","status":"publish","type":"post","link":"https:\/\/linitiative.ca\/International\/repression-dune-manif-de-lopposition-en-rdc\/","title":{"rendered":"REPRESSION D\u2019UNE MANIF DE L\u2019OPPOSITION EN RDC"},"content":{"rendered":"<div>\n<p><img decoding=\"async\" width=\"690\" height=\"450\" src=\"https:\/\/linitiative.ca\/International\/wp-content\/uploads\/sites\/23\/2021\/09\/MARCHE-1.jpg\" class=\"attachment- size- wp-post-image\" alt=\"\" loading=\"lazy\" style=\"float:left; margin:0 15px 15px 0;\" srcset=\"https:\/\/linitiative.ca\/International\/wp-content\/uploads\/sites\/23\/2021\/09\/MARCHE-1.jpg 690w, https:\/\/lepays.bf\/wp-content\/uploads\/2021\/09\/MARCHE-300x196.jpg 300w\" sizes=\"auto, (max-width: 690px) 100vw, 690px\">A l\u2019appel de la coalition de l\u2019opposition Lamuka men\u00e9e par l\u2019ancien candidat malheureux \u00e0 la pr\u00e9sidentielle de 2018, Martin Fayulu, il \u00e9tait pr\u00e9vu une marche sur toute l\u2019\u00e9tendue du territoire congolais, hier, 15 septembre 2021. L\u2019objectif \u00e9tait de protester contre \u00ab\u00a0la politisation de la Commission \u00e9lectorale nationale ind\u00e9pendante (CENI)\u00a0\u00bb dont la nomination du futur \u00a0pr\u00e9sident \u2026<\/p>\n<p>L\u2019article <a rel=\"nofollow\" href=\"https:\/\/lepays.bf\/repression-dune-manif-de-lopposition-en-rdc\/\">REPRESSION D\u2019UNE MANIF DE L\u2019OPPOSITION EN RDC<\/a> est apparu en premier sur <a rel=\"nofollow\" href=\"https:\/\/lepays.bf\/\">Editions Le Pays<\/a>.<\/p>\n<\/div>\n<p>Auteur: Editions LEPAYS<br \/>\n<a href=\"https:\/\/lepays.bf\/repression-dune-manif-de-lopposition-en-rdc\/\">Cliquez ici pour lire l&rsquo;article depuis sa source.<\/a><\/p>\n","protected":false},"excerpt":{"rendered":"<p>A l\u2019appel de la coalition de l\u2019opposition Lamuka men\u00e9e par l\u2019ancien candidat malheureux \u00e0 la pr\u00e9sidentielle de 2018, Martin Fayulu, il \u00e9tait pr\u00e9vu une marche sur toute l\u2019\u00e9tendue du territoire congolais, hier, 15 septembre 2021. L\u2019objectif \u00e9tait de protester contre \u00ab\u00a0la politisation de la Commission \u00e9lectorale nationale ind\u00e9pendante (CENI)\u00a0\u00bb dont la nomination du futur \u00a0pr\u00e9sident [&hellip;]<\/p>\n","protected":false},"author":1813,"featured_media":0,"comment_status":"closed","ping_status":"closed","sticky":false,"template":"","format":"standard","meta":{"fifu_image_url":"https:\/\/lepays.bf\/wp-content\/uploads\/2021\/09\/MARCHE.jpg","fifu_image_alt":"REPRESSION D\u2019UNE MANIF DE L\u2019OPPOSITION EN RDC","footnotes":""},"categories":[73,81],"tags":[],"class_list":["post-127155","post","type-post","status-publish","format-standard","hentry","category-actualite","category-burkina-faso"],"_links":{"self":[{"href":"https:\/\/linitiative.ca\/International\/wp-json\/wp\/v2\/posts\/127155","targetHints":{"allow":["GET"]}}],"collection":[{"href":"https:\/\/linitiative.ca\/International\/wp-json\/wp\/v2\/posts"}],"about":[{"href":"https:\/\/linitiative.ca\/International\/wp-json\/wp\/v2\/types\/post"}],"author":[{"embeddable":true,"href":"https:\/\/linitiative.ca\/International\/wp-json\/wp\/v2\/users\/1813"}],"replies":[{"embeddable":true,"href":"https:\/\/linitiative.ca\/International\/wp-json\/wp\/v2\/comments?post=127155"}],"version-history":[{"count":0,"href":"https:\/\/linitiative.ca\/International\/wp-json\/wp\/v2\/posts\/127155\/revisions"}],"wp:attachment":[{"href":"https:\/\/linitiative.ca\/International\/wp-json\/wp\/v2\/media?parent=127155"}],"wp:term":[{"taxonomy":"category","embeddable":true,"href":"https:\/\/linitiative.ca\/International\/wp-json\/wp\/v2\/categories?post=127155"},{"taxonomy":"post_tag","embeddable":true,"href":"https:\/\/linitiative.ca\/International\/wp-json\/wp\/v2\/tags?post=127155"}],"curies":[{"name":"wp","href":"https:\/\/api.w.org\/{rel}","templated":true}]}}