{"id":127157,"date":"2021-09-15T15:46:57","date_gmt":"2021-09-15T19:46:57","guid":{"rendered":"https:\/\/linitiative.ca\/International\/operations-anticorrpution-dans-les-services-publics-ivoiriens\/"},"modified":"2021-09-15T15:46:57","modified_gmt":"2021-09-15T19:46:57","slug":"operations-anticorrpution-dans-les-services-publics-ivoiriens","status":"publish","type":"post","link":"https:\/\/linitiative.ca\/International\/operations-anticorrpution-dans-les-services-publics-ivoiriens\/","title":{"rendered":"OPERATIONS ANTICORRPUTION DANS LES SERVICES PUBLICS IVOIRIENS"},"content":{"rendered":"<div>\n<p><img decoding=\"async\" width=\"720\" height=\"480\" src=\"https:\/\/linitiative.ca\/International\/wp-content\/uploads\/sites\/23\/2021\/09\/SNRC-Zoro-Epiphane-Ballo-0009.jpg\" class=\"attachment- size- wp-post-image\" alt=\"\" loading=\"lazy\" style=\"float:left; margin:0 15px 15px 0;\" srcset=\"https:\/\/linitiative.ca\/International\/wp-content\/uploads\/sites\/23\/2021\/09\/SNRC-Zoro-Epiphane-Ballo-0009.jpg 720w, https:\/\/lepays.bf\/wp-content\/uploads\/2021\/09\/SNRC-Zoro-Epiphane-Ballo-0009-300x200.jpg 300w\" sizes=\"auto, (max-width: 720px) 100vw, 720px\">Le fait est assez in\u00e9dit sous nos tropiques, pour \u00eatre signal\u00e9, salu\u00e9 et applaudi. \u00a0La C\u00f4te d\u2019Ivoire se dote d\u2019un minist\u00e8re de la Promotion de la bonne gouvernance, doubl\u00e9e de la lutte contre la corruption.\u00a0 Ce d\u00e9partement qui a vu le jour depuis le dernier remaniement minist\u00e9riel d\u2019avril dernier, a, \u00e0 sa t\u00eate, Epiphane Ballo \u2026<\/p>\n<p>L\u2019article <a rel=\"nofollow\" href=\"https:\/\/lepays.bf\/operations-anticorrpution-dans-les-services-publics-ivoiriens\/\">OPERATIONS ANTICORRPUTION DANS LES SERVICES PUBLICS IVOIRIENS<\/a> est apparu en premier sur <a rel=\"nofollow\" href=\"https:\/\/lepays.bf\/\">Editions Le Pays<\/a>.<\/p>\n<\/div>\n<p>Auteur: Editions LEPAYS<br \/>\n<a href=\"https:\/\/lepays.bf\/operations-anticorrpution-dans-les-services-publics-ivoiriens\/\">Cliquez ici pour lire l&rsquo;article depuis sa source.<\/a><\/p>\n","protected":false},"excerpt":{"rendered":"<p>Le fait est assez in\u00e9dit sous nos tropiques, pour \u00eatre signal\u00e9, salu\u00e9 et applaudi. \u00a0La C\u00f4te d\u2019Ivoire se dote d\u2019un minist\u00e8re de la Promotion de la bonne gouvernance, doubl\u00e9e de la lutte contre la corruption.\u00a0 Ce d\u00e9partement qui a vu le jour depuis le dernier remaniement minist\u00e9riel d\u2019avril dernier, a, \u00e0 sa t\u00eate, Epiphane Ballo [&hellip;]<\/p>\n","protected":false},"author":1813,"featured_media":0,"comment_status":"closed","ping_status":"closed","sticky":false,"template":"","format":"standard","meta":{"fifu_image_url":"https:\/\/lepays.bf\/wp-content\/uploads\/2021\/09\/SNRC-Zoro-Epiphane-Ballo-0009.jpg","fifu_image_alt":"OPERATIONS ANTICORRPUTION DANS LES SERVICES PUBLICS IVOIRIENS","footnotes":""},"categories":[73,81],"tags":[],"class_list":["post-127157","post","type-post","status-publish","format-standard","hentry","category-actualite","category-burkina-faso"],"_links":{"self":[{"href":"https:\/\/linitiative.ca\/International\/wp-json\/wp\/v2\/posts\/127157","targetHints":{"allow":["GET"]}}],"collection":[{"href":"https:\/\/linitiative.ca\/International\/wp-json\/wp\/v2\/posts"}],"about":[{"href":"https:\/\/linitiative.ca\/International\/wp-json\/wp\/v2\/types\/post"}],"author":[{"embeddable":true,"href":"https:\/\/linitiative.ca\/International\/wp-json\/wp\/v2\/users\/1813"}],"replies":[{"embeddable":true,"href":"https:\/\/linitiative.ca\/International\/wp-json\/wp\/v2\/comments?post=127157"}],"version-history":[{"count":0,"href":"https:\/\/linitiative.ca\/International\/wp-json\/wp\/v2\/posts\/127157\/revisions"}],"wp:attachment":[{"href":"https:\/\/linitiative.ca\/International\/wp-json\/wp\/v2\/media?parent=127157"}],"wp:term":[{"taxonomy":"category","embeddable":true,"href":"https:\/\/linitiative.ca\/International\/wp-json\/wp\/v2\/categories?post=127157"},{"taxonomy":"post_tag","embeddable":true,"href":"https:\/\/linitiative.ca\/International\/wp-json\/wp\/v2\/tags?post=127157"}],"curies":[{"name":"wp","href":"https:\/\/api.w.org\/{rel}","templated":true}]}}