{"id":127159,"date":"2021-09-15T06:54:01","date_gmt":"2021-09-15T10:54:01","guid":{"rendered":"https:\/\/linitiative.ca\/International\/bobo-dioulasso-la-rentree-scolaire-au-lycee-scientifique-national-est-prevue-pour-le-vendredi-1er-octobre-2021\/"},"modified":"2021-09-15T06:54:01","modified_gmt":"2021-09-15T10:54:01","slug":"bobo-dioulasso-la-rentree-scolaire-au-lycee-scientifique-national-est-prevue-pour-le-vendredi-1er-octobre-2021","status":"publish","type":"post","link":"https:\/\/linitiative.ca\/International\/bobo-dioulasso-la-rentree-scolaire-au-lycee-scientifique-national-est-prevue-pour-le-vendredi-1er-octobre-2021\/","title":{"rendered":"Bobo-Dioulasso\u00a0: La rentr\u00e9e scolaire au Lyc\u00e9e scientifique national est pr\u00e9vue pour le vendredi 1er octobre 2021"},"content":{"rendered":"<div>\n<p>Dans un communiqu\u00e9, le Proviseur du Lyc\u00e9e scientifique national de Bobo-Dioulasso, Mamoudou Diakit\u00e9 \u00a0informe que la rentr\u00e9e des classes est fix\u00e9e pour le vendredi 1<sup>er<\/sup> octobre 2021 \u00e0 7H pour les \u00e9l\u00e8ves nouvellement affect\u00e9s au lyc\u00e9e scientifique ainsi que ceux de premi\u00e8re et de terminale dudit Lyc\u00e9e.<\/p>\n<p>Lire le communiqu\u00e9<\/p>\n<p><a href=\"https:\/\/www.sidwaya.info\/wp-content\/uploads\/2021\/09\/Lycee-bobo-3.pdf\">Lyc\u00e9e bobo<\/a><\/p>\n<p>L\u2019article <a rel=\"nofollow\" href=\"https:\/\/www.sidwaya.info\/blog\/2021\/09\/15\/bobo-dioulasso-la-rentree-scolaire-au-lycee-scientifique-national-est-prevue-pour-le-vendredi-1er-octobre-2021\/\">Bobo-Dioulasso\u00a0: La rentr\u00e9e scolaire au Lyc\u00e9e scientifique national est pr\u00e9vue pour le vendredi 1er octobre 2021<\/a> est apparu en premier sur <a rel=\"nofollow\" href=\"https:\/\/www.sidwaya.info\/\">Quotidien Sidwaya<\/a>.<\/p>\n<\/div>\n<p>Auteur: BANGRE SIDWAYA<br \/>\n<a href=\"https:\/\/www.sidwaya.info\/blog\/2021\/09\/15\/bobo-dioulasso-la-rentree-scolaire-au-lycee-scientifique-national-est-prevue-pour-le-vendredi-1er-octobre-2021\/\">Cliquez ici pour lire l&rsquo;article depuis sa source.<\/a><\/p>\n","protected":false},"excerpt":{"rendered":"<p>Dans un communiqu\u00e9, le Proviseur du Lyc\u00e9e scientifique national de Bobo-Dioulasso, Mamoudou Diakit\u00e9 \u00a0informe que la rentr\u00e9e des classes est fix\u00e9e pour le vendredi 1er octobre 2021 \u00e0 7H pour les \u00e9l\u00e8ves nouvellement affect\u00e9s au lyc\u00e9e scientifique ainsi que ceux de premi\u00e8re et de terminale dudit Lyc\u00e9e. Lire le communiqu\u00e9 Lyc\u00e9e bobo L\u2019article Bobo-Dioulasso\u00a0: La [&hellip;]<\/p>\n","protected":false},"author":1816,"featured_media":0,"comment_status":"closed","ping_status":"closed","sticky":false,"template":"","format":"standard","meta":{"fifu_image_url":"","fifu_image_alt":"","footnotes":""},"categories":[73,81],"tags":[],"class_list":["post-127159","post","type-post","status-publish","format-standard","hentry","category-actualite","category-burkina-faso"],"_links":{"self":[{"href":"https:\/\/linitiative.ca\/International\/wp-json\/wp\/v2\/posts\/127159","targetHints":{"allow":["GET"]}}],"collection":[{"href":"https:\/\/linitiative.ca\/International\/wp-json\/wp\/v2\/posts"}],"about":[{"href":"https:\/\/linitiative.ca\/International\/wp-json\/wp\/v2\/types\/post"}],"author":[{"embeddable":true,"href":"https:\/\/linitiative.ca\/International\/wp-json\/wp\/v2\/users\/1816"}],"replies":[{"embeddable":true,"href":"https:\/\/linitiative.ca\/International\/wp-json\/wp\/v2\/comments?post=127159"}],"version-history":[{"count":0,"href":"https:\/\/linitiative.ca\/International\/wp-json\/wp\/v2\/posts\/127159\/revisions"}],"wp:attachment":[{"href":"https:\/\/linitiative.ca\/International\/wp-json\/wp\/v2\/media?parent=127159"}],"wp:term":[{"taxonomy":"category","embeddable":true,"href":"https:\/\/linitiative.ca\/International\/wp-json\/wp\/v2\/categories?post=127159"},{"taxonomy":"post_tag","embeddable":true,"href":"https:\/\/linitiative.ca\/International\/wp-json\/wp\/v2\/tags?post=127159"}],"curies":[{"name":"wp","href":"https:\/\/api.w.org\/{rel}","templated":true}]}}