{"id":127160,"date":"2021-09-15T08:15:55","date_gmt":"2021-09-15T12:15:55","guid":{"rendered":"https:\/\/linitiative.ca\/International\/zone-sahelienne-des-trois-frontieres-des-enfants-sont-tues-ou-recrutes-par-des-groupes-armesrapport-amnesty-international\/"},"modified":"2021-09-15T08:15:55","modified_gmt":"2021-09-15T12:15:55","slug":"zone-sahelienne-des-trois-frontieres-des-enfants-sont-tues-ou-recrutes-par-des-groupes-armesrapport-amnesty-international","status":"publish","type":"post","link":"https:\/\/linitiative.ca\/International\/zone-sahelienne-des-trois-frontieres-des-enfants-sont-tues-ou-recrutes-par-des-groupes-armesrapport-amnesty-international\/","title":{"rendered":"Zone sah\u00e9lienne des trois fronti\u00e8res\u00a0: Des enfants sont tu\u00e9s ou recrut\u00e9s par des groupes arm\u00e9s(Rapport Amnesty International)"},"content":{"rendered":"<div>\n<p>\u00a0<\/p>\n<p>Dans son nouveau rapport rendu public le 13 septembre 2021, Amnesty International d\u00e9clare que de plus en plus d\u2019enfants sont tu\u00e9s ou recrut\u00e9s par des groupes arm\u00e9s dans la zone sah\u00e9lienne des trois fronti\u00e8res.<\/p>\n<p>Lire le rapport\u00a0 https:\/\/www.amnesty.fr\/presse\/de-plus-en-plus-denfants-sont-tues-ou-cibles-pour<\/p>\n<p>\u00a0<\/p>\n<p>L\u2019article <a rel=\"nofollow\" href=\"https:\/\/www.sidwaya.info\/blog\/2021\/09\/15\/zone-sahelienne-des-trois-frontieres-des-enfants-sont-tues-ou-recrutes-par-des-groupes-armesrapport-amnesty-international\/\">Zone sah\u00e9lienne des trois fronti\u00e8res\u00a0: Des enfants sont tu\u00e9s ou recrut\u00e9s par des groupes arm\u00e9s(Rapport Amnesty International)<\/a> est apparu en premier sur <a rel=\"nofollow\" href=\"https:\/\/www.sidwaya.info\/\">Quotidien Sidwaya<\/a>.<\/p>\n<\/div>\n<p>Auteur: BANGRE SIDWAYA<br \/>\n<a href=\"https:\/\/www.sidwaya.info\/blog\/2021\/09\/15\/zone-sahelienne-des-trois-frontieres-des-enfants-sont-tues-ou-recrutes-par-des-groupes-armesrapport-amnesty-international\/\">Cliquez ici pour lire l&rsquo;article depuis sa source.<\/a><\/p>\n","protected":false},"excerpt":{"rendered":"<p>\u00a0 Dans son nouveau rapport rendu public le 13 septembre 2021, Amnesty International d\u00e9clare que de plus en plus d\u2019enfants sont tu\u00e9s ou recrut\u00e9s par des groupes arm\u00e9s dans la zone sah\u00e9lienne des trois fronti\u00e8res. Lire le rapport\u00a0 https:\/\/www.amnesty.fr\/presse\/de-plus-en-plus-denfants-sont-tues-ou-cibles-pour \u00a0 L\u2019article Zone sah\u00e9lienne des trois fronti\u00e8res\u00a0: Des enfants sont tu\u00e9s ou recrut\u00e9s par des groupes [&hellip;]<\/p>\n","protected":false},"author":1816,"featured_media":0,"comment_status":"closed","ping_status":"closed","sticky":false,"template":"","format":"standard","meta":{"fifu_image_url":"","fifu_image_alt":"","footnotes":""},"categories":[73,81],"tags":[],"class_list":["post-127160","post","type-post","status-publish","format-standard","hentry","category-actualite","category-burkina-faso"],"_links":{"self":[{"href":"https:\/\/linitiative.ca\/International\/wp-json\/wp\/v2\/posts\/127160","targetHints":{"allow":["GET"]}}],"collection":[{"href":"https:\/\/linitiative.ca\/International\/wp-json\/wp\/v2\/posts"}],"about":[{"href":"https:\/\/linitiative.ca\/International\/wp-json\/wp\/v2\/types\/post"}],"author":[{"embeddable":true,"href":"https:\/\/linitiative.ca\/International\/wp-json\/wp\/v2\/users\/1816"}],"replies":[{"embeddable":true,"href":"https:\/\/linitiative.ca\/International\/wp-json\/wp\/v2\/comments?post=127160"}],"version-history":[{"count":0,"href":"https:\/\/linitiative.ca\/International\/wp-json\/wp\/v2\/posts\/127160\/revisions"}],"wp:attachment":[{"href":"https:\/\/linitiative.ca\/International\/wp-json\/wp\/v2\/media?parent=127160"}],"wp:term":[{"taxonomy":"category","embeddable":true,"href":"https:\/\/linitiative.ca\/International\/wp-json\/wp\/v2\/categories?post=127160"},{"taxonomy":"post_tag","embeddable":true,"href":"https:\/\/linitiative.ca\/International\/wp-json\/wp\/v2\/tags?post=127160"}],"curies":[{"name":"wp","href":"https:\/\/api.w.org\/{rel}","templated":true}]}}