{"id":127167,"date":"2021-09-15T12:18:02","date_gmt":"2021-09-15T16:18:02","guid":{"rendered":"https:\/\/linitiative.ca\/International\/installation-dune-cellule-genre-au-sein-de-la-presse-ivoirienne\/"},"modified":"2021-09-15T12:18:02","modified_gmt":"2021-09-15T16:18:02","slug":"installation-dune-cellule-genre-au-sein-de-la-presse-ivoirienne","status":"publish","type":"post","link":"https:\/\/linitiative.ca\/International\/installation-dune-cellule-genre-au-sein-de-la-presse-ivoirienne\/","title":{"rendered":"Installation d\u2019une Cellule genre au sein de la presse ivoirienne"},"content":{"rendered":"<div>\n<p><img loading=\"lazy\" decoding=\"async\" width=\"800\" height=\"533\" src=\"https:\/\/linitiative.ca\/International\/wp-content\/uploads\/sites\/23\/2021\/09\/16317226829767.jpg\" class=\"attachment-post-thumbnail size-post-thumbnail wp-post-image\" alt=\"\" srcset=\"https:\/\/linitiative.ca\/International\/wp-content\/uploads\/sites\/23\/2021\/09\/16317226829767.jpg 800w, https:\/\/www.journalducameroun.com\/wp-content\/uploads\/2021\/09\/16317226829767-300x200.jpg 300w, https:\/\/www.journalducameroun.com\/wp-content\/uploads\/2021\/09\/16317226829767-768x512.jpg 768w, https:\/\/www.journalducameroun.com\/wp-content\/uploads\/2021\/09\/16317226829767-660x440.jpg 660w, https:\/\/www.journalducameroun.com\/wp-content\/uploads\/2021\/09\/16317226829767-600x400.jpg 600w\" sizes=\"auto, (max-width: 800px) 100vw, 800px\"><\/p>\n<p>L&rsquo;inspecteur technique du minist\u00e8re ivoirien de la Femme, de la famille et de l&rsquo;enfant, Mme Cissoko Haliath, a proc\u00e9d\u00e9 mardi \u00e0 l&rsquo;installation d&rsquo;une Cellule genre au sein de la presse, \u00e0 l&rsquo;issue d&rsquo;un atelier de formation de deux jours sur le concept genre, \u00e0 Abidjan.<\/p>\n<p>Mme Cissoko Haliath, qui repr\u00e9sentait la ministre de la Femme, de la famille et de l&rsquo;enfant, Mme Nass\u00e9n\u00e9ba Tour\u00e9, a baptis\u00e9 les membres de cette Cellule genre de l&rsquo;Association des femmes journalistes de C\u00f4te d&rsquo;Ivoire (AFJCI), une entit\u00e9 regroupant pr\u00e8s de 250 femmes journalistes. \u00a0 \u00a0 \u00a0\u00a0<\/p>\n<p>L&rsquo;\u00e9v\u00e9nement s&rsquo;est tenu dans les locaux de la Maison de la presse, \u00e0 Abidjan. Mais, peu avant la mise en place de la Cellule genre, la directrice du Genre et de l&rsquo;\u00e9quit\u00e9 du minist\u00e8re de la Femme, Mme Florence Tano, a install\u00e9 un Comit\u00e9 de pilotage. \u00a0 \u00a0<\/p>\n<p>Le Comit\u00e9 de pilotage comprend M. Germain N&rsquo;Dri, Hermance N&rsquo;Tah et Laurent Okou\u00e9. La Cellule genre, elle, est compos\u00e9e d&rsquo;un secr\u00e9taire technique, Marylise Aim\u00e9e Konan, pr\u00e9sidente de l&rsquo;Association des femmes journalistes de C\u00f4te d&rsquo;Ivoire (AFJCI), un secr\u00e9taire technique adjoint, Jean Claude Coulibaly, le pr\u00e9sident de l&rsquo;Union nationale des journalistes de C\u00f4te d&rsquo;Ivoire (Unjci). \u00a0<\/p>\n<p>La cellule comprend en outre M. Lassina Serm\u00e9, responsable charg\u00e9 des \u00e9tudes, du suivi et de l&rsquo;\u00e9valuation, M. Moussa Bakayoko, charg\u00e9 du budget et de la mobilisation des ressources, Mme Anne Marie N&rsquo;Guessan, charg\u00e9e des partenariats, Mme Oumou Barry, responsable projets et M. Andr\u00e9 Silver Konan, responsable charg\u00e9 des alertes r\u00e9seaux sociaux. \u00a0<\/p>\n<p>L&rsquo;atelier de formation, tenu les 13 et 14 septembre 2021, a eu pour th\u00e8me \u00ab\u00a0Le journalisme au prisme du genre: enjeux et perspectives\u00a0\u00bb. Selon Mme Florence Tanoh qui a anim\u00e9 cette session, il s&rsquo;agissait d&rsquo;outiller les journalistes afin de profiler leurs \u00e9crits en vue d&rsquo;un changement de mentalit\u00e9.<\/p>\n<p>Le concept genre, expliquera-t-elle, a pour but de permettre \u00ab une \u00e9galit\u00e9 de chance, des opportunit\u00e9s et non une \u00e9galit\u00e9 de sexe \u00bb, dans une soci\u00e9t\u00e9, o\u00f9 la masculinit\u00e9 semble dominer tous les secteurs. Toute chose qui devrait d&rsquo;ailleurs permettre d&rsquo;atteindre l&rsquo;\u00e9quit\u00e9 et la justice. \u00a0 \u00a0\u00a0<\/p>\n<p>M. Laurent Okou\u00e9, repr\u00e9sentant M. Jean Claude Coulibaly, le pr\u00e9sident de l&rsquo;UNJCI, la fa\u00eeti\u00e8re de la presse en C\u00f4te d&rsquo;Ivoire, a traduit les remerciements de l&rsquo;organisation pour cette initiative, ajoutant que l&rsquo;Union se tient aux c\u00f4t\u00e9s du minist\u00e8re de la Femme pour d&rsquo;autres challenges et d\u00e9fis.<\/p>\n<p>La pr\u00e9sidente de l&rsquo;Association des femmes journalistes de C\u00f4te d&rsquo;Ivoire (AFJCI), Marylise Aim\u00e9e Konan, s&rsquo;est pour sa part f\u00e9licit\u00e9e de cette instance qui permet aux journalistes d&rsquo;\u00eatre impr\u00e9gn\u00e9s du concept genre, une notion \u00e0 pol\u00e9mique, pour mieux expliquer ses enjeux aux populations.<\/p>\n<p>Au cours de la formation, Mme Tanoh a fait observer que le concept genre \u00ab doit \u00eatre associ\u00e9 aux r\u00f4les sociaux que nous jouons\u00bb, car il prend en compte les besoins sexosp\u00e9cifiques, tant chez la femme que chez l&rsquo;homme. Et ce, \u00ab de fa\u00e7on \u00e9galitaire \u00bb. \u00a0 \u00a0 \u00a0<\/p>\n<p>Ce concept scientifique est apparu en 1955 chez les sexologues et les psychologues. En 1970, les sociologues s&rsquo;y int\u00e9ressent et rel\u00e8vent que l&rsquo;\u00e9galit\u00e9 de chance recherch\u00e9e est d\u00e9licate, car les femmes sont ancr\u00e9es dans des r\u00f4les domestiques, alors que les hommes dominent l&rsquo;aspect d\u00e9cisionnel. \u00a0 \u00a0 \u00a0<\/p>\n<p>Cet article <a rel=\"nofollow\" href=\"https:\/\/www.journalducameroun.com\/installation-dune-cellule-genre-au-sein-de-la-presse-ivoirienne\/\">Installation d\u2019une Cellule genre au sein de la presse ivoirienne<\/a> est apparu en premier sur <a rel=\"nofollow\" href=\"https:\/\/www.journalducameroun.com\/\">Journal du Cameroun<\/a>.<\/p>\n<\/div>\n<p>Auteur: APA News<br \/>\n<a href=\"https:\/\/www.journalducameroun.com\/installation-dune-cellule-genre-au-sein-de-la-presse-ivoirienne\/\">Cliquez ici pour lire l&rsquo;article depuis sa source.<\/a><\/p>\n","protected":false},"excerpt":{"rendered":"<p>L&rsquo;inspecteur technique du minist\u00e8re ivoirien de la Femme, de la famille et de l&rsquo;enfant, Mme Cissoko Haliath, a proc\u00e9d\u00e9 mardi \u00e0 l&rsquo;installation d&rsquo;une Cellule genre au sein de la presse, \u00e0 l&rsquo;issue d&rsquo;un atelier de formation de deux jours sur le concept genre, \u00e0 Abidjan. Mme Cissoko Haliath, qui repr\u00e9sentait la ministre de la Femme, [&hellip;]<\/p>\n","protected":false},"author":1965,"featured_media":0,"comment_status":"closed","ping_status":"closed","sticky":false,"template":"","format":"standard","meta":{"fifu_image_url":"https:\/\/www.journalducameroun.com\/wp-content\/uploads\/2021\/09\/16317226829767.jpg","fifu_image_alt":"Installation d\u2019une Cellule genre au sein de la presse ivoirienne","footnotes":""},"categories":[73,82],"tags":[],"class_list":["post-127167","post","type-post","status-publish","format-standard","hentry","category-actualite","category-cameroun"],"_links":{"self":[{"href":"https:\/\/linitiative.ca\/International\/wp-json\/wp\/v2\/posts\/127167","targetHints":{"allow":["GET"]}}],"collection":[{"href":"https:\/\/linitiative.ca\/International\/wp-json\/wp\/v2\/posts"}],"about":[{"href":"https:\/\/linitiative.ca\/International\/wp-json\/wp\/v2\/types\/post"}],"author":[{"embeddable":true,"href":"https:\/\/linitiative.ca\/International\/wp-json\/wp\/v2\/users\/1965"}],"replies":[{"embeddable":true,"href":"https:\/\/linitiative.ca\/International\/wp-json\/wp\/v2\/comments?post=127167"}],"version-history":[{"count":0,"href":"https:\/\/linitiative.ca\/International\/wp-json\/wp\/v2\/posts\/127167\/revisions"}],"wp:attachment":[{"href":"https:\/\/linitiative.ca\/International\/wp-json\/wp\/v2\/media?parent=127167"}],"wp:term":[{"taxonomy":"category","embeddable":true,"href":"https:\/\/linitiative.ca\/International\/wp-json\/wp\/v2\/categories?post=127167"},{"taxonomy":"post_tag","embeddable":true,"href":"https:\/\/linitiative.ca\/International\/wp-json\/wp\/v2\/tags?post=127167"}],"curies":[{"name":"wp","href":"https:\/\/api.w.org\/{rel}","templated":true}]}}