{"id":127169,"date":"2021-09-15T12:18:02","date_gmt":"2021-09-15T16:18:02","guid":{"rendered":"https:\/\/linitiative.ca\/International\/maroc-le-general-de-corps-darmee-belkhir-el-farouk-nomme-inspecteur-general-des-far\/"},"modified":"2021-09-15T12:18:02","modified_gmt":"2021-09-15T16:18:02","slug":"maroc-le-general-de-corps-darmee-belkhir-el-farouk-nomme-inspecteur-general-des-far","status":"publish","type":"post","link":"https:\/\/linitiative.ca\/International\/maroc-le-general-de-corps-darmee-belkhir-el-farouk-nomme-inspecteur-general-des-far\/","title":{"rendered":"Maroc: Le G\u00e9n\u00e9ral de Corps d\u2019arm\u00e9e Belkhir El Farouk nomm\u00e9 inspecteur g\u00e9n\u00e9ral des FAR"},"content":{"rendered":"<div>\n<p><img loading=\"lazy\" decoding=\"async\" width=\"750\" height=\"430\" src=\"https:\/\/linitiative.ca\/International\/wp-content\/uploads\/sites\/23\/2021\/09\/16317226826984.jpg\" class=\"attachment-post-thumbnail size-post-thumbnail wp-post-image\" alt=\"\" srcset=\"https:\/\/linitiative.ca\/International\/wp-content\/uploads\/sites\/23\/2021\/09\/16317226826984.jpg 750w, https:\/\/www.journalducameroun.com\/wp-content\/uploads\/2021\/09\/16317226826984-300x172.jpg 300w, https:\/\/www.journalducameroun.com\/wp-content\/uploads\/2021\/09\/16317226826984-350x200.jpg 350w, https:\/\/www.journalducameroun.com\/wp-content\/uploads\/2021\/09\/16317226826984-600x344.jpg 600w\" sizes=\"auto, (max-width: 750px) 100vw, 750px\"><\/p>\n<p>Le Roi Mohammed VI, chef supr\u00eame et chef d&rsquo;\u00e9tat-major g\u00e9n\u00e9ral des Forces Arm\u00e9es Royales (FAR) a nomm\u00e9, mercredi, le G\u00e9n\u00e9ral de corps d&rsquo;arm\u00e9e, Belkhir El Farouk, inspecteur g\u00e9n\u00e9ral des FAR, en remplacement du g\u00e9n\u00e9ral de corps d&rsquo;arm\u00e9e, Abdelfattah Louarak.Le G\u00e9n\u00e9ral de corps d&rsquo;arm\u00e9e Belkhir El Farouk a \u00e9t\u00e9 choisi pour ce poste au vu de \u00ab\u00a0ses comp\u00e9tences professionnelles et de l&rsquo;esprit \u00e9lev\u00e9 de responsabilit\u00e9 dont il a fait preuve lors des diff\u00e9rentes missions qui lui ont \u00e9t\u00e9 confi\u00e9es\u00a0\u00bb, indique un communiqu\u00e9 du minist\u00e8re de la Maison royale, du Protocole et de la Chancellerie.<\/p>\n<p>Le g\u00e9n\u00e9ral de corps d&rsquo;arm\u00e9e Belkhir El Farouk continuera d&rsquo;assumer ses missions de commandant de la zone Sud, pr\u00e9cise la m\u00eame source.<\/p>\n<p>Cet article <a rel=\"nofollow\" href=\"https:\/\/www.journalducameroun.com\/maroc-le-general-de-corps-darmee-belkhir-el-farouk-nomme-inspecteur-general-des-far\/\">Maroc: Le G\u00e9n\u00e9ral de Corps d\u2019arm\u00e9e Belkhir El Farouk nomm\u00e9 inspecteur g\u00e9n\u00e9ral des FAR<\/a> est apparu en premier sur <a rel=\"nofollow\" href=\"https:\/\/www.journalducameroun.com\/\">Journal du Cameroun<\/a>.<\/p>\n<\/div>\n<p>Auteur: APA News<br \/>\n<a href=\"https:\/\/www.journalducameroun.com\/maroc-le-general-de-corps-darmee-belkhir-el-farouk-nomme-inspecteur-general-des-far\/\">Cliquez ici pour lire l&rsquo;article depuis sa source.<\/a><\/p>\n","protected":false},"excerpt":{"rendered":"<p>Le Roi Mohammed VI, chef supr\u00eame et chef d&rsquo;\u00e9tat-major g\u00e9n\u00e9ral des Forces Arm\u00e9es Royales (FAR) a nomm\u00e9, mercredi, le G\u00e9n\u00e9ral de corps d&rsquo;arm\u00e9e, Belkhir El Farouk, inspecteur g\u00e9n\u00e9ral des FAR, en remplacement du g\u00e9n\u00e9ral de corps d&rsquo;arm\u00e9e, Abdelfattah Louarak.Le G\u00e9n\u00e9ral de corps d&rsquo;arm\u00e9e Belkhir El Farouk a \u00e9t\u00e9 choisi pour ce poste au vu de [&hellip;]<\/p>\n","protected":false},"author":1965,"featured_media":0,"comment_status":"closed","ping_status":"closed","sticky":false,"template":"","format":"standard","meta":{"fifu_image_url":"https:\/\/www.journalducameroun.com\/wp-content\/uploads\/2021\/09\/16317226826984.jpg","fifu_image_alt":"Maroc: Le G\u00e9n\u00e9ral de Corps d\u2019arm\u00e9e Belkhir El Farouk nomm\u00e9 inspecteur g\u00e9n\u00e9ral des FAR","footnotes":""},"categories":[73,82],"tags":[],"class_list":["post-127169","post","type-post","status-publish","format-standard","hentry","category-actualite","category-cameroun"],"_links":{"self":[{"href":"https:\/\/linitiative.ca\/International\/wp-json\/wp\/v2\/posts\/127169","targetHints":{"allow":["GET"]}}],"collection":[{"href":"https:\/\/linitiative.ca\/International\/wp-json\/wp\/v2\/posts"}],"about":[{"href":"https:\/\/linitiative.ca\/International\/wp-json\/wp\/v2\/types\/post"}],"author":[{"embeddable":true,"href":"https:\/\/linitiative.ca\/International\/wp-json\/wp\/v2\/users\/1965"}],"replies":[{"embeddable":true,"href":"https:\/\/linitiative.ca\/International\/wp-json\/wp\/v2\/comments?post=127169"}],"version-history":[{"count":0,"href":"https:\/\/linitiative.ca\/International\/wp-json\/wp\/v2\/posts\/127169\/revisions"}],"wp:attachment":[{"href":"https:\/\/linitiative.ca\/International\/wp-json\/wp\/v2\/media?parent=127169"}],"wp:term":[{"taxonomy":"category","embeddable":true,"href":"https:\/\/linitiative.ca\/International\/wp-json\/wp\/v2\/categories?post=127169"},{"taxonomy":"post_tag","embeddable":true,"href":"https:\/\/linitiative.ca\/International\/wp-json\/wp\/v2\/tags?post=127169"}],"curies":[{"name":"wp","href":"https:\/\/api.w.org\/{rel}","templated":true}]}}