{"id":127171,"date":"2021-09-15T12:25:15","date_gmt":"2021-09-15T16:25:15","guid":{"rendered":"https:\/\/linitiative.ca\/International\/cameroun-la-crtv-frappee-par-deux-deces-en-24-heures\/"},"modified":"2021-09-15T12:25:15","modified_gmt":"2021-09-15T16:25:15","slug":"cameroun-la-crtv-frappee-par-deux-deces-en-24-heures","status":"publish","type":"post","link":"https:\/\/linitiative.ca\/International\/cameroun-la-crtv-frappee-par-deux-deces-en-24-heures\/","title":{"rendered":"Cameroun : la CRTV frapp\u00e9e par deux d\u00e9c\u00e8s en 24 heures"},"content":{"rendered":"<div>\n<p><img loading=\"lazy\" decoding=\"async\" width=\"780\" height=\"440\" src=\"https:\/\/linitiative.ca\/International\/wp-content\/uploads\/sites\/23\/2021\/09\/CRTV.jpg\" class=\"attachment-post-thumbnail size-post-thumbnail wp-post-image\" alt=\"\" srcset=\"https:\/\/linitiative.ca\/International\/wp-content\/uploads\/sites\/23\/2021\/09\/CRTV.jpg 780w, https:\/\/www.journalducameroun.com\/wp-content\/uploads\/2020\/04\/CRTV-300x169.jpg 300w, https:\/\/www.journalducameroun.com\/wp-content\/uploads\/2020\/04\/CRTV-768x433.jpg 768w, https:\/\/www.journalducameroun.com\/wp-content\/uploads\/2020\/04\/CRTV-380x215.jpg 380w, https:\/\/www.journalducameroun.com\/wp-content\/uploads\/2020\/04\/CRTV-160x90.jpg 160w, https:\/\/www.journalducameroun.com\/wp-content\/uploads\/2020\/04\/CRTV-240x135.jpg 240w, https:\/\/www.journalducameroun.com\/wp-content\/uploads\/2020\/04\/CRTV-600x338.jpg 600w\" sizes=\"auto, (max-width: 780px) 100vw, 780px\"><\/p>\n<h5><strong>Le technicien Eustache Omondo, fraichement admis \u00e0 faire valoir ses droits \u00e0 la retraite, et la journaliste <\/strong><strong>Quinta Belle Kiale<\/strong>\u00a0<strong> en service au Poste national et. Leurs d\u00e9c\u00e8s sont survenus le 13 et 14 septembre 2021.<\/strong><\/h5>\n<p>\u00a0<\/p>\n<p>\u00a0<\/p>\n<p>L&rsquo;<strong>Office<\/strong>\u00a0de\u00a0<strong>Radiodiffusion<\/strong>-T\u00e9l\u00e9vision Camerounaise, la CRTV, est en deuil. <strong>Eustache Omondo<\/strong> est d\u00e9c\u00e9d\u00e9 dimanche, 12 septembre 2021 des suites de maladie. Il f\u00fbt monteur en service au Centre de Production de la t\u00e9l\u00e9vision publique \u00e0 Mballa 2.<\/p>\n<p>Alors que les coll\u00e8gues n\u2019avaient pas termin\u00e9 de pleurer cet ancien qui pass\u00e9 de longues ann\u00e9es au sein de la CRT<\/p>\n<figure id=\"attachment_394499\" aria-describedby=\"caption-attachment-394499\" style=\"width: 531px\" class=\"wp-caption aligncenter\"><img loading=\"lazy\" decoding=\"async\" class=\"wp-image-394499 \" src=\"https:\/\/linitiative.ca\/International\/wp-content\/uploads\/sites\/23\/2021\/09\/Quinta-et-Eustache-Omondo.jpg\" alt=\"\" width=\"531\" height=\"305\"><figcaption id=\"caption-attachment-394499\" class=\"wp-caption-text\">Quinta Belle Keale et Eustache Omondo<\/figcaption><\/figure>\n<p>V, une autre disparition est enregistr\u00e9e. Celle de\u00a0<strong>Quinta Belle Keale, d\u00e9c\u00e9d\u00e9e des suites de courte maladie le <\/strong>Le lundi 13 septembre. Elle \u00e9tait en service au desk anglophone du Poste national o\u00f9 elle pr\u00e9sentait le 3 Pm News mais \u00e9galement les JT de 7h et 12h.<\/p>\n<p>Au-del\u00e0 de la CRTV, c\u2019est toute la presse camerounaise qui pleure la disparition de deux brillants sujets de bonnes r\u00e9putations. Leurs d\u00e9c\u00e8s vient s&rsquo;ajouter \u00e0 celui d&rsquo;<a href=\"https:\/\/www.journalducameroun.com\/cameroun-amobe-mevegue-parcours-engagement-disparition-cameroun\/\">Amob\u00e9 M\u00e9v\u00e9gu\u00e9<\/a> de RFI\/France 24, d\u00e9c\u00e9d\u00e9 quelques jours plus t\u00f4t.<\/p>\n<p>Cet article <a rel=\"nofollow\" href=\"https:\/\/www.journalducameroun.com\/cameroun-la-crtv-frappee-par-deux-deces-en-24-heures\/\">Cameroun : la CRTV frapp\u00e9e par deux d\u00e9c\u00e8s en 24 heures<\/a> est apparu en premier sur <a rel=\"nofollow\" href=\"https:\/\/www.journalducameroun.com\/\">Journal du Cameroun<\/a>.<\/p>\n<\/div>\n<p>Auteur: Christian DJIMADEU<br \/>\n<a href=\"https:\/\/www.journalducameroun.com\/cameroun-la-crtv-frappee-par-deux-deces-en-24-heures\/\">Cliquez ici pour lire l&rsquo;article depuis sa source.<\/a><\/p>\n","protected":false},"excerpt":{"rendered":"<p>Le technicien Eustache Omondo, fraichement admis \u00e0 faire valoir ses droits \u00e0 la retraite, et la journaliste Quinta Belle Kiale\u00a0 en service au Poste national et. Leurs d\u00e9c\u00e8s sont survenus le 13 et 14 septembre 2021. \u00a0 \u00a0 L&rsquo;Office\u00a0de\u00a0Radiodiffusion-T\u00e9l\u00e9vision Camerounaise, la CRTV, est en deuil. Eustache Omondo est d\u00e9c\u00e9d\u00e9 dimanche, 12 septembre 2021 des suites [&hellip;]<\/p>\n","protected":false},"author":1965,"featured_media":0,"comment_status":"closed","ping_status":"closed","sticky":false,"template":"","format":"standard","meta":{"fifu_image_url":"https:\/\/www.journalducameroun.com\/wp-content\/uploads\/2020\/04\/CRTV.jpg","fifu_image_alt":"Cameroun : la CRTV frapp\u00e9e par deux d\u00e9c\u00e8s en 24 heures","footnotes":""},"categories":[73,82],"tags":[],"class_list":["post-127171","post","type-post","status-publish","format-standard","hentry","category-actualite","category-cameroun"],"_links":{"self":[{"href":"https:\/\/linitiative.ca\/International\/wp-json\/wp\/v2\/posts\/127171","targetHints":{"allow":["GET"]}}],"collection":[{"href":"https:\/\/linitiative.ca\/International\/wp-json\/wp\/v2\/posts"}],"about":[{"href":"https:\/\/linitiative.ca\/International\/wp-json\/wp\/v2\/types\/post"}],"author":[{"embeddable":true,"href":"https:\/\/linitiative.ca\/International\/wp-json\/wp\/v2\/users\/1965"}],"replies":[{"embeddable":true,"href":"https:\/\/linitiative.ca\/International\/wp-json\/wp\/v2\/comments?post=127171"}],"version-history":[{"count":0,"href":"https:\/\/linitiative.ca\/International\/wp-json\/wp\/v2\/posts\/127171\/revisions"}],"wp:attachment":[{"href":"https:\/\/linitiative.ca\/International\/wp-json\/wp\/v2\/media?parent=127171"}],"wp:term":[{"taxonomy":"category","embeddable":true,"href":"https:\/\/linitiative.ca\/International\/wp-json\/wp\/v2\/categories?post=127171"},{"taxonomy":"post_tag","embeddable":true,"href":"https:\/\/linitiative.ca\/International\/wp-json\/wp\/v2\/tags?post=127171"}],"curies":[{"name":"wp","href":"https:\/\/api.w.org\/{rel}","templated":true}]}}