{"id":127174,"date":"2021-09-15T12:34:25","date_gmt":"2021-09-15T16:34:25","guid":{"rendered":"https:\/\/linitiative.ca\/International\/cameroun-le-president-paul-biya-sanctionne-plusieurs-policiers\/"},"modified":"2021-09-15T12:34:25","modified_gmt":"2021-09-15T16:34:25","slug":"cameroun-le-president-paul-biya-sanctionne-plusieurs-policiers","status":"publish","type":"post","link":"https:\/\/linitiative.ca\/International\/cameroun-le-president-paul-biya-sanctionne-plusieurs-policiers\/","title":{"rendered":"Cameroun : le pr\u00e9sident Paul Biya sanctionne plusieurs policiers"},"content":{"rendered":"<div>\n<p><img loading=\"lazy\" decoding=\"async\" width=\"900\" height=\"600\" src=\"https:\/\/linitiative.ca\/International\/wp-content\/uploads\/sites\/23\/2021\/09\/DC3A9cret-de-Paul-Biya.jpg\" class=\"attachment-post-thumbnail size-post-thumbnail wp-post-image\" alt=\"\" srcset=\"https:\/\/linitiative.ca\/International\/wp-content\/uploads\/sites\/23\/2021\/09\/DC3A9cret-de-Paul-Biya.jpg 900w, https:\/\/www.journalducameroun.com\/wp-content\/uploads\/2020\/03\/D\u00e9cret-de-Paul-Biya-300x200.jpg 300w, https:\/\/www.journalducameroun.com\/wp-content\/uploads\/2020\/03\/D\u00e9cret-de-Paul-Biya-768x512.jpg 768w, https:\/\/www.journalducameroun.com\/wp-content\/uploads\/2020\/03\/D\u00e9cret-de-Paul-Biya-660x440.jpg 660w, https:\/\/www.journalducameroun.com\/wp-content\/uploads\/2020\/03\/D\u00e9cret-de-Paul-Biya-600x400.jpg 600w\" sizes=\"auto, (max-width: 900px) 100vw, 900px\"><\/p>\n<h5 style=\"text-align: justify;\"><strong>Le p<\/strong><strong>r\u00e9sident d<\/strong><strong>e la R\u00e9publique, Paul Biya a sign\u00e9, ce mercredi\u00a0<\/strong><strong>\u00a0<\/strong><strong>15 septembre\u00a0<\/strong><strong>\u00a02021, d\u2019importants textes portant<\/strong><strong>\u00a0<\/strong><strong>abaissement de grade ou d\u2019\u00e9chelon de certains polic<\/strong><strong>iers<\/strong><strong>.<\/strong><strong>\u00a0Les raisons de ces abaissements sont diverses.<\/strong><\/h5>\n<p style=\"font-weight: 400; text-align: justify;\">En effet, le d\u00e9cret du chef de l\u2019Etat, chef supr\u00eame des forces arm\u00e9es et police, indique entre autres qu\u2019\u00a0Emmanuel Gabriel Noah, inspecteur de police, a \u00e9t\u00e9 sanctionn\u00e9\u00a0<em>\u00ab\u00a0pour faute contre l\u2019honneur, le devoir et la probit\u00e9 par non-paiement de loyer\u00a0\u00bb;<\/em>\u00a0Armand Wafo Foba, officier de police, est quant \u00e0 lui \u00e9t\u00e9 frapp\u00e9\u00a0<em>\u00ab\u00a0pour retrait indu et r\u00e9tention abusive des pi\u00e8ces et documents d\u2019un usager et ind\u00e9licatesse portant atteinte \u00e0 la consid\u00e9ration de la Police par extorsion des fonds\u00a0\u00bb\u00a0<\/em><\/p>\n<p style=\"font-weight: 400; text-align: justify;\">Par ailleurs, Shayadini Tetndap Fadimatou, inspecteur de police, est sanctionn\u00e9\u00a0<em>\u00ab\u00a0pour faute contre l\u2019honneur, le devoir et la probit\u00e9 par non-paiement de ses dettes, ind\u00e9licatesse commise dans la vie priv\u00e9e et pr\u00e9judiciable au renom de la police par pratique d\u2019une activit\u00e9 priv\u00e9e lucrative\u00a0\u00bb<\/em>\u00a0; Bernardin Ga\u00ebl Biloa Onana, Inspecteur de Police, est critiqu\u00e9 pour son\u00a0<em>\u00ab\u00a0ind\u00e9licatesse ou compromission portant atteinte \u00e0 la consid\u00e9ration de la Police par distraction et vente d\u2019une moto d\u2019origine douteuse\u00a0\u00bb<\/em><\/p>\n<p style=\"font-weight: 400; text-align: justify;\">Le d\u00e9cret du chef d\u2019Etat indique \u00e9galement que Valentine Nguemua Benga, officier de police, est sanctionn\u00e9\u00a0<em>\u00ab\u00a0pour faute contre l\u2019honneur, le devoir, la probit\u00e9 par non-paiement de la dette et insubordination hi\u00e9rarchique par refus de r\u00e9pondre \u00e0 une demande d\u2019explication\u00a0\u00bb<\/em>\u00a0;\u00a0Brice Charles Mvondo, gardien de la paix principal, a \u00e9t\u00e9 sanctionn\u00e9 \u00ab\u00a0pour n\u00e9gligences graves ayant entrain\u00e9 la perte d\u2019une arme de service et d\u2019un chargeur garni de treize (13) munitions\u00a0\u00bb<\/p>\n<p style=\"font-weight: 400; text-align: justify;\">Autre personne sanctionn\u00e9, Narcisse\u00a0Ambela Djomo, inspecteur de police. Il est sanctionn\u00e9\u00a0<em>\u00ab\u00a0pour faute contre l\u2019honneur, le devoir et la probit\u00e9 par \u00e9mission de ch\u00e8que sans provision et non remboursement de la dette\u00a0\u00bb<\/em>\u00a0; Daniel Etsike Ekoe, inspecteur de police, est sanctionn\u00e9\u00a0<em>\u00ab\u00a0pour faute contre l\u2019honneur, le devoir et la probit\u00e9 par d\u00e9tournement d\u2019un d\u00e9p\u00f4t\u00a0\u00bb\u00a0<\/em><\/p>\n<p style=\"font-weight: 400; text-align: justify;\">Les faits reproch\u00e9s \u00e0 \u00a0Bertrand Bindjeme Enock, gardien de la paix, sont multiples. Il lui est r\u00e9primand\u00e9 son\u00a0<em>\u00ababandon d\u2019un poste de garde, n\u00e9gligences graves dans l\u2019exercice de ses fonctions et insubordination hi\u00e9rarchique\u00a0\u00bb.<\/em>\u00a0Enfin, Jean Vincent Dadan, gardien de la Paix, puni\u00a0<em>\u00ab\u00a0pour manquements aux consignes et ind\u00e9licatesse ou compromission portant atteinte \u00e0 la consid\u00e9ration de la police par extorsion de fonds aux usagers de la voie publique contre restitution des pi\u00e8ces personnelles\u00a0\u00bb.<\/em><\/p>\n<p>Cet article <a rel=\"nofollow\" href=\"https:\/\/www.journalducameroun.com\/cameroun-le-president-paul-biya-sanctionne-plusieurs-policiers\/\">Cameroun : le pr\u00e9sident Paul Biya sanctionne plusieurs policiers<\/a> est apparu en premier sur <a rel=\"nofollow\" href=\"https:\/\/www.journalducameroun.com\/\">Journal du Cameroun<\/a>.<\/p>\n<\/div>\n<p>Auteur: Christian DJIMADEU<br \/>\n<a href=\"https:\/\/www.journalducameroun.com\/cameroun-le-president-paul-biya-sanctionne-plusieurs-policiers\/\">Cliquez ici pour lire l&rsquo;article depuis sa source.<\/a><\/p>\n","protected":false},"excerpt":{"rendered":"<p>Le pr\u00e9sident de la R\u00e9publique, Paul Biya a sign\u00e9, ce mercredi\u00a0\u00a015 septembre\u00a0\u00a02021, d\u2019importants textes portant\u00a0abaissement de grade ou d\u2019\u00e9chelon de certains policiers.\u00a0Les raisons de ces abaissements sont diverses. En effet, le d\u00e9cret du chef de l\u2019Etat, chef supr\u00eame des forces arm\u00e9es et police, indique entre autres qu\u2019\u00a0Emmanuel Gabriel Noah, inspecteur de police, a \u00e9t\u00e9 sanctionn\u00e9\u00a0\u00ab\u00a0pour [&hellip;]<\/p>\n","protected":false},"author":1965,"featured_media":0,"comment_status":"closed","ping_status":"closed","sticky":false,"template":"","format":"standard","meta":{"fifu_image_url":"https:\/\/www.journalducameroun.com\/wp-content\/uploads\/2020\/03\/D\u00e9cret-de-Paul-Biya.jpg","fifu_image_alt":"Cameroun : le pr\u00e9sident Paul Biya sanctionne plusieurs policiers","footnotes":""},"categories":[73,82],"tags":[],"class_list":["post-127174","post","type-post","status-publish","format-standard","hentry","category-actualite","category-cameroun"],"_links":{"self":[{"href":"https:\/\/linitiative.ca\/International\/wp-json\/wp\/v2\/posts\/127174","targetHints":{"allow":["GET"]}}],"collection":[{"href":"https:\/\/linitiative.ca\/International\/wp-json\/wp\/v2\/posts"}],"about":[{"href":"https:\/\/linitiative.ca\/International\/wp-json\/wp\/v2\/types\/post"}],"author":[{"embeddable":true,"href":"https:\/\/linitiative.ca\/International\/wp-json\/wp\/v2\/users\/1965"}],"replies":[{"embeddable":true,"href":"https:\/\/linitiative.ca\/International\/wp-json\/wp\/v2\/comments?post=127174"}],"version-history":[{"count":0,"href":"https:\/\/linitiative.ca\/International\/wp-json\/wp\/v2\/posts\/127174\/revisions"}],"wp:attachment":[{"href":"https:\/\/linitiative.ca\/International\/wp-json\/wp\/v2\/media?parent=127174"}],"wp:term":[{"taxonomy":"category","embeddable":true,"href":"https:\/\/linitiative.ca\/International\/wp-json\/wp\/v2\/categories?post=127174"},{"taxonomy":"post_tag","embeddable":true,"href":"https:\/\/linitiative.ca\/International\/wp-json\/wp\/v2\/tags?post=127174"}],"curies":[{"name":"wp","href":"https:\/\/api.w.org\/{rel}","templated":true}]}}