{"id":127176,"date":"2021-09-15T09:48:23","date_gmt":"2021-09-15T13:48:23","guid":{"rendered":"https:\/\/linitiative.ca\/International\/ecomatin-en-deuil\/"},"modified":"2021-09-15T09:48:23","modified_gmt":"2021-09-15T13:48:23","slug":"ecomatin-en-deuil","status":"publish","type":"post","link":"https:\/\/linitiative.ca\/International\/ecomatin-en-deuil\/","title":{"rendered":"EcoMatin en deuil"},"content":{"rendered":"<div>\n<p>La faucheuse a happ\u00e9 au journal EcoMatin un de ses \u00e9l\u00e9ments, la nomm\u00e9e Rita Ngwankfu Ramatu, qui nous a quitt\u00e9e aux premi\u00e8res heures de ce jeudi 15 septembre 2021 des suites de maladie. La triste nouvelle est parvenue \u00e0 l\u2019\u00e9quipe par le biais du Directeur de Publication, Emile Fidieck, tout aussi \u00e9plor\u00e9 que l\u2019ensemble de ses collaborateurs. \u00ab\u00a0Je suis dans le regret de vous annoncer le d\u00e9c\u00e8s de Rita, que j\u2019aimais appeler Madame Rita \u00bb, a annonc\u00e9 le DP, plongeant de ce fait l\u2019ensemble du personnel dans l\u2019\u00e9moi total, tant la jeune technicienne de surface, \u00e2g\u00e9e seulement de 36 ans, incarnait les valeurs cardinales du vivre-ensemble et contribuait depuis 3 ans \u00e0 la construction de notre jeune journal.<\/p>\n<p>Elle \u00e9tait une femme vaillante qui s\u2019est illustr\u00e9e par sa discr\u00e9tion, son assiduit\u00e9, son respect envers ses collaborateurs, sa jovialit\u00e9 et sa disponibilit\u00e9. \u00ab\u00a0Elle est \u00e0 EcoMatin comme femme de m\u00e9nage depuis 3 ans. Assidue travailleuse honn\u00eate et tr\u00e8s r\u00e9serv\u00e9e. Les qualificatifs me manquent pour la d\u00e9crire. Toujours pr\u00e9sente lors des diff\u00e9rentes activit\u00e9s de la maison, elle laisse un grand vide au sein de l\u2019\u00e9quipe\u00bb, confesse Emile Fidieck.<\/p>\n<figure class=\"wp-block-image size-large\"><img loading=\"lazy\" decoding=\"async\" width=\"1024\" height=\"576\" src=\"https:\/\/linitiative.ca\/International\/wp-content\/uploads\/sites\/23\/2021\/09\/WhatsApp-Image-2021-09-15-at-15.40.54-1024x576-1.jpeg\" alt=\"\" class=\"wp-image-30746\" srcset=\"https:\/\/linitiative.ca\/International\/wp-content\/uploads\/sites\/23\/2021\/09\/WhatsApp-Image-2021-09-15-at-15.40.54-1024x576-1.jpeg 1024w, https:\/\/ecomatin.net\/wp-content\/uploads\/2021\/09\/WhatsApp-Image-2021-09-15-at-15.40.54-300x169.jpeg 300w, https:\/\/ecomatin.net\/wp-content\/uploads\/2021\/09\/WhatsApp-Image-2021-09-15-at-15.40.54-768x432.jpeg 768w, https:\/\/ecomatin.net\/wp-content\/uploads\/2021\/09\/WhatsApp-Image-2021-09-15-at-15.40.54-390x220.jpeg 390w, https:\/\/ecomatin.net\/wp-content\/uploads\/2021\/09\/WhatsApp-Image-2021-09-15-at-15.40.54.jpeg 1080w\" sizes=\"auto, (max-width: 1024px) 100vw, 1024px\"><\/figure>\n<p>Partie de son Nkambe natal, dans le d\u00e9partement du Donga-Mantung, r\u00e9gion du Nord-Ouest \u00e0 cause de la crise s\u00e9curitaire qui s\u00e9vit dans cette r\u00e9gion du Cameroun, cette derni\u00e8re avait trouv\u00e9e refuge \u00e0 Yaound\u00e9. O\u00f9 elle joignait les deux bouts avec son emploi \u00e0 EcoMatin, et s\u2019employait alors \u00e0 fournir \u00e0 son niveau de bons et loyaux services. Elle laisse ainsi une fillette \u00e2g\u00e9e de 7 ans et une famille nucl\u00e9aire \u00e9plor\u00e9e.<\/p>\n<p>L\u2019article <a rel=\"nofollow\" href=\"https:\/\/ecomatin.net\/ecomatin-en-deuil\/\">EcoMatin en deuil<\/a> est apparu en premier sur <a rel=\"nofollow\" href=\"https:\/\/ecomatin.net\/\">EcoMatin<\/a>.<\/p>\n<\/div>\n<p>Auteur: EcoMatin<br \/>\n<a href=\"https:\/\/ecomatin.net\/ecomatin-en-deuil\/\">Cliquez ici pour lire l&rsquo;article depuis sa source.<\/a><\/p>\n","protected":false},"excerpt":{"rendered":"<p>La faucheuse a happ\u00e9 au journal EcoMatin un de ses \u00e9l\u00e9ments, la nomm\u00e9e Rita Ngwankfu Ramatu, qui nous a quitt\u00e9e aux premi\u00e8res heures de ce jeudi 15 septembre 2021 des suites de maladie. La triste nouvelle est parvenue \u00e0 l\u2019\u00e9quipe par le biais du Directeur de Publication, Emile Fidieck, tout aussi \u00e9plor\u00e9 que l\u2019ensemble de [&hellip;]<\/p>\n","protected":false},"author":1969,"featured_media":0,"comment_status":"closed","ping_status":"closed","sticky":false,"template":"","format":"standard","meta":{"fifu_image_url":"https:\/\/ecomatin.net\/wp-content\/uploads\/2021\/09\/WhatsApp-Image-2021-09-15-at-15.40.54-1024x576.jpeg","fifu_image_alt":"EcoMatin en deuil","footnotes":""},"categories":[82,78],"tags":[],"class_list":["post-127176","post","type-post","status-publish","format-standard","hentry","category-cameroun","category-economie"],"_links":{"self":[{"href":"https:\/\/linitiative.ca\/International\/wp-json\/wp\/v2\/posts\/127176","targetHints":{"allow":["GET"]}}],"collection":[{"href":"https:\/\/linitiative.ca\/International\/wp-json\/wp\/v2\/posts"}],"about":[{"href":"https:\/\/linitiative.ca\/International\/wp-json\/wp\/v2\/types\/post"}],"author":[{"embeddable":true,"href":"https:\/\/linitiative.ca\/International\/wp-json\/wp\/v2\/users\/1969"}],"replies":[{"embeddable":true,"href":"https:\/\/linitiative.ca\/International\/wp-json\/wp\/v2\/comments?post=127176"}],"version-history":[{"count":0,"href":"https:\/\/linitiative.ca\/International\/wp-json\/wp\/v2\/posts\/127176\/revisions"}],"wp:attachment":[{"href":"https:\/\/linitiative.ca\/International\/wp-json\/wp\/v2\/media?parent=127176"}],"wp:term":[{"taxonomy":"category","embeddable":true,"href":"https:\/\/linitiative.ca\/International\/wp-json\/wp\/v2\/categories?post=127176"},{"taxonomy":"post_tag","embeddable":true,"href":"https:\/\/linitiative.ca\/International\/wp-json\/wp\/v2\/tags?post=127176"}],"curies":[{"name":"wp","href":"https:\/\/api.w.org\/{rel}","templated":true}]}}