{"id":127182,"date":"2021-09-16T10:00:03","date_gmt":"2021-09-16T14:00:03","guid":{"rendered":"https:\/\/linitiative.ca\/International\/peche-maritime-le-poulpe-en-repos-biologique-du-16-septembre-au-15-decembre\/"},"modified":"2021-09-16T10:00:03","modified_gmt":"2021-09-16T14:00:03","slug":"peche-maritime-le-poulpe-en-repos-biologique-du-16-septembre-au-15-decembre","status":"publish","type":"post","link":"https:\/\/linitiative.ca\/International\/peche-maritime-le-poulpe-en-repos-biologique-du-16-septembre-au-15-decembre\/","title":{"rendered":"P\u00eache maritime : Le poulpe en repos biologique du 16 septembre au  15 d\u00e9cembre"},"content":{"rendered":"<div>\n<p><img decoding=\"async\" width=\"300\" height=\"153\" src=\"https:\/\/linitiative.ca\/International\/wp-content\/uploads\/sites\/23\/2021\/09\/poulpe-peche-300x153-1.jpg\" class=\"attachment-medium size-medium wp-post-image\" alt=\"\" loading=\"lazy\" srcset=\"\/\/aujourdhui.ma\/wp-content\/uploads\/2020\/05\/poulpe-peche-300x153.jpg 300w, \/\/aujourdhui.ma\/wp-content\/uploads\/2020\/05\/poulpe-peche.jpg 746w\" sizes=\"auto, (max-width: 300px) 100vw, 300px\"><\/p>\n<p><span style=\"font-size: 20px; color: #800000;\"><strong>Le minist\u00e8re de l\u2019agriculture et de la p\u00eache maritime a annonc\u00e9 mardi la fermeture de la p\u00eache au poulpe le long du littoral national du 16 septembre au 15 d\u00e9cembre.<\/strong><\/span><span id=\"more-386833\"><\/span><\/p>\n<p>La p\u00eache au poulpe sera suspendue pour une p\u00e9riode de repos biologique de trois mois pour prot\u00e9ger le stock parental et assurer sa reproduction dans les zones de p\u00eache maritime tout au long du littoral du Royaume, a annonc\u00e9 le minist\u00e8re de l\u2019agriculture et de la p\u00eache maritime.<\/p>\n<p>La dur\u00e9e de la suspension pourrait \u00eatre r\u00e9vis\u00e9e en fonction de l\u2019\u00e9volution des indicateurs biologiques de cette p\u00eacherie men\u00e9e par l\u2019Institut national de recherche halieutique (INRH). Le repos biologique rentre dans le cadre du plan d\u2019am\u00e9nagement de la p\u00eacherie \u00abpoulpi\u00e8re\u00bb et de la strat\u00e9gie Halieutis.<br \/>\nCet arr\u00eat biologique de la p\u00eache au poulpe vient pour rationaliser l\u2019activit\u00e9 de p\u00eache, et \u00e9viter l\u2019\u00e9puisement du quota des captures de poulpe fix\u00e9 et ce, sur la base de la r\u00e9partition fond\u00e9e sur les r\u00e9sultats des donn\u00e9es d\u2019exploitation et l\u2019effort de p\u00eache au niveau de chaque zone. Selon cette d\u00e9cision paraph\u00e9e par la secr\u00e9taire g\u00e9n\u00e9rale du minist\u00e8re de la p\u00eache maritime, Zakia Driouich, le chalutage est interdit dans la zone comprise entre Sidi L\u2019Ghazi (nord de Boujdour) et Lagouira et appelle tous les chalutiers \u00e0 quitter cette zone.<br \/>\nPour les autres esp\u00e8ces marines, le document souligne que les chalutiers hauturiers sont autoris\u00e9s \u00e0 op\u00e9rer au-del\u00e0 de 10 milles marins \u00e0 partir de la c\u00f4te \u00e0 condition d\u2019obtenir les autorisations pr\u00e9alables. Pour les chalutiers c\u00f4tiers, la zone autoris\u00e9e est situ\u00e9e entre 3 et 6 milles marins.<\/p>\n<p>Les barques de p\u00eache artisanale peuvent travailler dans les diff\u00e9rents points autoris\u00e9s, alors qu\u2019aucun pourcentage de poulpe ne sera accept\u00e9 pour ces trois segments. Cette d\u00e9cision interdit \u00e9galement l\u2019utilisation des chaluts cascadeurs \u00e0 grande ouverture verticale (GOV) dont la taille des \u00e9l\u00e9ments constitutifs du bourrelet, en l\u2019occurrence les rondelles de caoutchouc, d\u00e9passent 160 mm, tandis que des sanctions sont pr\u00e9vues contre les contrevenants des dispositions de cette d\u00e9cision. Notons que le quota global de poulpe pour la derni\u00e8re saison d\u2019\u00e9t\u00e9 a \u00e9t\u00e9 fix\u00e9 \u00e0 13.000 t pour les trois segments de p\u00eache, \u00e0 hauteur de 8.190 t pour le segment hauturier, 1.430 t pour le segment c\u00f4tier et 3.380 t pour le segment artisanal \u00e0 Dakhla.<\/p>\n<p>Pour rappel, le quota de poulpe fix\u00e9 pour la campagne d\u2019hiver (1er janvier-15 avril) s\u2019\u00e9levait \u00e0 6.729 tonnes, pour une valeur globale estim\u00e9e \u00e0 599,86 millions de dirhams, alors que les d\u00e9barquements dans les ports de Dakhla-Oued Eddahab ont atteint 5.706 tonnes pour une valeur globale de 394,39 millions de dirhams.<br \/>\nLes prix de vente des poulpes avoisinent les 100 DH\/kg, soit plus que le double de la moyenne r\u00e9alis\u00e9e lors de la saison hivernale qui \u00e9tait de 48,50 DH\/kg. La flotte de p\u00eache du segment artisanal de Dakhla op\u00e8re \u00e0 partir des villages de p\u00eache de Labouirda, Lassargua, N\u2019tireft et Imoutlane et emploie entre 3.000 et 8.000 marins-p\u00eacheurs.<\/p>\n<\/div>\n<p>Auteur: ALM<br \/>\n<a href=\"https:\/\/aujourdhui.ma\/economie\/peche-maritime-le-poulpe-en-repos-biologique-du-16-septembre-au-15-decembre\">Cliquez ici pour lire l&rsquo;article depuis sa source.<\/a><\/p>\n","protected":false},"excerpt":{"rendered":"<p>Le minist\u00e8re de l\u2019agriculture et de la p\u00eache maritime a annonc\u00e9 mardi la fermeture de la p\u00eache au poulpe le long du littoral national du 16 septembre au 15 d\u00e9cembre. La p\u00eache au poulpe sera suspendue pour une p\u00e9riode de repos biologique de trois mois pour prot\u00e9ger le stock parental et assurer sa reproduction dans [&hellip;]<\/p>\n","protected":false},"author":1759,"featured_media":0,"comment_status":"closed","ping_status":"closed","sticky":false,"template":"","format":"standard","meta":{"fifu_image_url":"https:\/\/aujourdhui.ma\/wp-content\/uploads\/2020\/05\/poulpe-peche-300x153.jpg","fifu_image_alt":"P\u00eache maritime : Le poulpe en repos biologique du 16 septembre au  15 d\u00e9cembre","footnotes":""},"categories":[73,54],"tags":[],"class_list":["post-127182","post","type-post","status-publish","format-standard","hentry","category-actualite","category-maroc"],"_links":{"self":[{"href":"https:\/\/linitiative.ca\/International\/wp-json\/wp\/v2\/posts\/127182","targetHints":{"allow":["GET"]}}],"collection":[{"href":"https:\/\/linitiative.ca\/International\/wp-json\/wp\/v2\/posts"}],"about":[{"href":"https:\/\/linitiative.ca\/International\/wp-json\/wp\/v2\/types\/post"}],"author":[{"embeddable":true,"href":"https:\/\/linitiative.ca\/International\/wp-json\/wp\/v2\/users\/1759"}],"replies":[{"embeddable":true,"href":"https:\/\/linitiative.ca\/International\/wp-json\/wp\/v2\/comments?post=127182"}],"version-history":[{"count":0,"href":"https:\/\/linitiative.ca\/International\/wp-json\/wp\/v2\/posts\/127182\/revisions"}],"wp:attachment":[{"href":"https:\/\/linitiative.ca\/International\/wp-json\/wp\/v2\/media?parent=127182"}],"wp:term":[{"taxonomy":"category","embeddable":true,"href":"https:\/\/linitiative.ca\/International\/wp-json\/wp\/v2\/categories?post=127182"},{"taxonomy":"post_tag","embeddable":true,"href":"https:\/\/linitiative.ca\/International\/wp-json\/wp\/v2\/tags?post=127182"}],"curies":[{"name":"wp","href":"https:\/\/api.w.org\/{rel}","templated":true}]}}