{"id":127184,"date":"2021-09-16T10:00:43","date_gmt":"2021-09-16T14:00:43","guid":{"rendered":"https:\/\/linitiative.ca\/International\/casablanca-deux-malfrats-condamnes-a-un-an-de-prison-ferme-chacun\/"},"modified":"2021-09-16T10:00:43","modified_gmt":"2021-09-16T14:00:43","slug":"casablanca-deux-malfrats-condamnes-a-un-an-de-prison-ferme-chacun","status":"publish","type":"post","link":"https:\/\/linitiative.ca\/International\/casablanca-deux-malfrats-condamnes-a-un-an-de-prison-ferme-chacun\/","title":{"rendered":"Casablanca : Deux malfrats condamn\u00e9s  \u00e0 un an de prison ferme chacun"},"content":{"rendered":"<div>\n<p><img decoding=\"async\" width=\"300\" height=\"153\" src=\"https:\/\/linitiative.ca\/International\/wp-content\/uploads\/sites\/23\/2021\/09\/Arrestation-Police-Menottes-300x153-1.jpg\" class=\"attachment-medium size-medium wp-post-image\" alt=\"\" loading=\"lazy\" srcset=\"\/\/aujourdhui.ma\/wp-content\/uploads\/2019\/12\/Arrestation-Police-Menottes-300x153.jpg 300w, \/\/aujourdhui.ma\/wp-content\/uploads\/2019\/12\/Arrestation-Police-Menottes.jpg 746w\" sizes=\"auto, (max-width: 300px) 100vw, 300px\"><\/p>\n<p><span style=\"color: #800000;\"><strong>La chambre correctionnelle pr\u00e8s le tribunal de premi\u00e8re instance de Casablanca a rendu son verdict, derni\u00e8rement, contre deux malfaiteurs qui perp\u00e9traient des agressions \u00e0 l\u2019arme banche en les condamnant \u00e0 un an de prison ferme chacun.<\/strong><\/span><span id=\"more-386870\"><\/span><\/p>\n<p>Les deux malfrats circulaient \u00e0 bord d\u2019un v\u00e9lomoteur \u00e0 travers les quatre coins de la capitale \u00e9conomique pour agresser leurs victimes en leur arrachant leurs sacs \u00e0 main, sacs renfermant des PC, smartphones, etc. Devant le tribunal, les deux suspects se sont disculp\u00e9s tout en affirmant qu\u2019ils n\u2019ont jamais crois\u00e9 les victimes qui se sont pr\u00e9sent\u00e9es devant le tribunal. Alors qu\u2019ils ont avou\u00e9 leurs d\u00e9lits devant les policiers, surtout qu\u2019ils ont \u00e9t\u00e9 pris en flagrant d\u00e9lit. En effet, ils \u00e9taient en train de commettre un vol \u00e0 l\u2019arrach\u00e9 en plein centre-ville de Casablanca. Leur derni\u00e8re victime a pr\u00e9sent\u00e9 son t\u00e9moignage devant le tribunal en affirmant qu\u2019ils sont bel et bien les deux malfrats qui l\u2019ont agress\u00e9e avant leur arrestation par la police.<\/p>\n<p>\u00a0<\/p>\n<\/div>\n<p>Auteur: Abderrafii ALOUMLIKI<br \/>\n<a href=\"https:\/\/aujourdhui.ma\/faits-divers\/casablanca-deux-malfrats-condamnes-a-un-an-de-prison-ferme-chacun\">Cliquez ici pour lire l&rsquo;article depuis sa source.<\/a><\/p>\n","protected":false},"excerpt":{"rendered":"<p>La chambre correctionnelle pr\u00e8s le tribunal de premi\u00e8re instance de Casablanca a rendu son verdict, derni\u00e8rement, contre deux malfaiteurs qui perp\u00e9traient des agressions \u00e0 l\u2019arme banche en les condamnant \u00e0 un an de prison ferme chacun. Les deux malfrats circulaient \u00e0 bord d\u2019un v\u00e9lomoteur \u00e0 travers les quatre coins de la capitale \u00e9conomique pour agresser [&hellip;]<\/p>\n","protected":false},"author":1759,"featured_media":0,"comment_status":"closed","ping_status":"closed","sticky":false,"template":"","format":"standard","meta":{"fifu_image_url":"https:\/\/aujourdhui.ma\/wp-content\/uploads\/2019\/12\/Arrestation-Police-Menottes-300x153.jpg","fifu_image_alt":"Casablanca : Deux malfrats condamn\u00e9s  \u00e0 un an de prison ferme chacun","footnotes":""},"categories":[73,54],"tags":[],"class_list":["post-127184","post","type-post","status-publish","format-standard","hentry","category-actualite","category-maroc"],"_links":{"self":[{"href":"https:\/\/linitiative.ca\/International\/wp-json\/wp\/v2\/posts\/127184","targetHints":{"allow":["GET"]}}],"collection":[{"href":"https:\/\/linitiative.ca\/International\/wp-json\/wp\/v2\/posts"}],"about":[{"href":"https:\/\/linitiative.ca\/International\/wp-json\/wp\/v2\/types\/post"}],"author":[{"embeddable":true,"href":"https:\/\/linitiative.ca\/International\/wp-json\/wp\/v2\/users\/1759"}],"replies":[{"embeddable":true,"href":"https:\/\/linitiative.ca\/International\/wp-json\/wp\/v2\/comments?post=127184"}],"version-history":[{"count":0,"href":"https:\/\/linitiative.ca\/International\/wp-json\/wp\/v2\/posts\/127184\/revisions"}],"wp:attachment":[{"href":"https:\/\/linitiative.ca\/International\/wp-json\/wp\/v2\/media?parent=127184"}],"wp:term":[{"taxonomy":"category","embeddable":true,"href":"https:\/\/linitiative.ca\/International\/wp-json\/wp\/v2\/categories?post=127184"},{"taxonomy":"post_tag","embeddable":true,"href":"https:\/\/linitiative.ca\/International\/wp-json\/wp\/v2\/tags?post=127184"}],"curies":[{"name":"wp","href":"https:\/\/api.w.org\/{rel}","templated":true}]}}