{"id":127186,"date":"2021-09-16T11:00:00","date_gmt":"2021-09-16T15:00:00","guid":{"rendered":"https:\/\/linitiative.ca\/International\/jorf-lasfar-15-reveurs-de-leldorado-depossedent-un-pecheur-de-sa-barque\/"},"modified":"2021-09-16T11:00:00","modified_gmt":"2021-09-16T15:00:00","slug":"jorf-lasfar-15-reveurs-de-leldorado-depossedent-un-pecheur-de-sa-barque","status":"publish","type":"post","link":"https:\/\/linitiative.ca\/International\/jorf-lasfar-15-reveurs-de-leldorado-depossedent-un-pecheur-de-sa-barque\/","title":{"rendered":"Jorf Lasfar : 15 r\u00eaveurs de l\u2019eldorado d\u00e9poss\u00e8dent un p\u00eacheur de sa barque"},"content":{"rendered":"<div>\n<p><img decoding=\"async\" width=\"300\" height=\"153\" src=\"https:\/\/linitiative.ca\/International\/wp-content\/uploads\/sites\/23\/2021\/09\/gendarmerie-royale-maritime-300x153-1.jpg\" class=\"attachment-medium size-medium wp-post-image\" alt=\"\" loading=\"lazy\" srcset=\"\/\/aujourdhui.ma\/wp-content\/uploads\/2021\/09\/gendarmerie-royale-maritime-300x153.jpg 300w, \/\/aujourdhui.ma\/wp-content\/uploads\/2021\/09\/gendarmerie-royale-maritime-274x140.jpg 274w, \/\/aujourdhui.ma\/wp-content\/uploads\/2021\/09\/gendarmerie-royale-maritime.jpg 746w, \/\/aujourdhui.ma\/wp-content\/uploads\/2021\/09\/gendarmerie-royale-maritime-165x84.jpg 165w, \/\/aujourdhui.ma\/wp-content\/uploads\/2021\/09\/gendarmerie-royale-maritime-702x358.jpg 702w\" sizes=\"auto, (max-width: 300px) 100vw, 300px\"><\/p>\n<p><span style=\"color: #800000;\"><strong>Les \u00e9l\u00e9ments de la gendarmerie royale maritime de Jorf Lasfar ont avort\u00e9, lundi dernier, une op\u00e9ration d\u2019\u00e9migration clandestine de quinze personnes.<\/strong><\/span><span id=\"more-386874\"><\/span><\/p>\n<p>En effet, \u00e0 la suite d\u2019informations faisant \u00e9tat qu\u2019une barque \u00e0 bord de laquelle se trouvaient des jeunes devait faire le d\u00e9part depuis la plage de Sidi Abed, situ\u00e9e \u00e0 une trentaine de kilom\u00e8tres au sud d\u2019El Jadida, \u00e0 destination du continent europ\u00e9en. Aussit\u00f4t, des rondes ont \u00e9t\u00e9 effectu\u00e9es par les gendarmes maritimes tout au long du littoral. La barque \u00e0 bord de laquelle il y avait les candidats \u00e0 l\u2019\u00e9migration clandestine a \u00e9t\u00e9 rep\u00e9r\u00e9e non loin du port de Jorf Lasfar. Soumis aux interrogatoires, les quinze r\u00eaveurs de l\u2019eldorado ont avou\u00e9 aux limiers qu\u2019ils ont maltrait\u00e9 un p\u00eacheur tout en le mena\u00e7ant avec des armes blanches et l\u2019ont d\u00e9poss\u00e9d\u00e9 de sa barque.<br \/>\nPar ailleurs, la chambre criminelle pr\u00e8s la Cour d\u2019appel d\u2019Al Hoceima a condamn\u00e9, \u00e9galement lundi dernier, deux suspects impliqu\u00e9s dans une affaire d\u2019\u00e9migration clandestine, respectivement \u00e0 cinq et deux ans de prison ferme assorties d\u2019amendes de cinquante et vingt mille dirhams.<\/p>\n<\/div>\n<p>Auteur: Abderrafii ALOUMLIKI<br \/>\n<a href=\"https:\/\/aujourdhui.ma\/faits-divers\/jorf-lasfar-15-reveurs-de-leldorado-depossedent-un-pecheur-de-sa-barque\">Cliquez ici pour lire l&rsquo;article depuis sa source.<\/a><\/p>\n","protected":false},"excerpt":{"rendered":"<p>Les \u00e9l\u00e9ments de la gendarmerie royale maritime de Jorf Lasfar ont avort\u00e9, lundi dernier, une op\u00e9ration d\u2019\u00e9migration clandestine de quinze personnes. En effet, \u00e0 la suite d\u2019informations faisant \u00e9tat qu\u2019une barque \u00e0 bord de laquelle se trouvaient des jeunes devait faire le d\u00e9part depuis la plage de Sidi Abed, situ\u00e9e \u00e0 une trentaine de kilom\u00e8tres [&hellip;]<\/p>\n","protected":false},"author":1759,"featured_media":0,"comment_status":"closed","ping_status":"closed","sticky":false,"template":"","format":"standard","meta":{"fifu_image_url":"https:\/\/aujourdhui.ma\/wp-content\/uploads\/2021\/09\/gendarmerie-royale-maritime-300x153.jpg","fifu_image_alt":"Jorf Lasfar : 15 r\u00eaveurs de l\u2019eldorado d\u00e9poss\u00e8dent un p\u00eacheur de sa barque","footnotes":""},"categories":[73,54],"tags":[],"class_list":["post-127186","post","type-post","status-publish","format-standard","hentry","category-actualite","category-maroc"],"_links":{"self":[{"href":"https:\/\/linitiative.ca\/International\/wp-json\/wp\/v2\/posts\/127186","targetHints":{"allow":["GET"]}}],"collection":[{"href":"https:\/\/linitiative.ca\/International\/wp-json\/wp\/v2\/posts"}],"about":[{"href":"https:\/\/linitiative.ca\/International\/wp-json\/wp\/v2\/types\/post"}],"author":[{"embeddable":true,"href":"https:\/\/linitiative.ca\/International\/wp-json\/wp\/v2\/users\/1759"}],"replies":[{"embeddable":true,"href":"https:\/\/linitiative.ca\/International\/wp-json\/wp\/v2\/comments?post=127186"}],"version-history":[{"count":0,"href":"https:\/\/linitiative.ca\/International\/wp-json\/wp\/v2\/posts\/127186\/revisions"}],"wp:attachment":[{"href":"https:\/\/linitiative.ca\/International\/wp-json\/wp\/v2\/media?parent=127186"}],"wp:term":[{"taxonomy":"category","embeddable":true,"href":"https:\/\/linitiative.ca\/International\/wp-json\/wp\/v2\/categories?post=127186"},{"taxonomy":"post_tag","embeddable":true,"href":"https:\/\/linitiative.ca\/International\/wp-json\/wp\/v2\/tags?post=127186"}],"curies":[{"name":"wp","href":"https:\/\/api.w.org\/{rel}","templated":true}]}}