{"id":127190,"date":"2021-09-16T11:35:49","date_gmt":"2021-09-16T15:35:49","guid":{"rendered":"https:\/\/linitiative.ca\/International\/covid-19-maroc-la-situation-epidemiologique-au-16-septembre-2021-a-16h00\/"},"modified":"2021-09-16T11:35:49","modified_gmt":"2021-09-16T15:35:49","slug":"covid-19-maroc-la-situation-epidemiologique-au-16-septembre-2021-a-16h00","status":"publish","type":"post","link":"https:\/\/linitiative.ca\/International\/covid-19-maroc-la-situation-epidemiologique-au-16-septembre-2021-a-16h00\/","title":{"rendered":"Covid-19 \/ Maroc : La situation \u00e9pid\u00e9miologique au 16 septembre 2021 \u00e0 16H00"},"content":{"rendered":"<div>\n<p><img decoding=\"async\" width=\"300\" height=\"153\" src=\"https:\/\/linitiative.ca\/International\/wp-content\/uploads\/sites\/23\/2021\/09\/Coronavirus-covid19-Maroc-Ambulance-300x153-1.jpg\" class=\"attachment-medium size-medium wp-post-image\" alt=\"\" loading=\"lazy\" srcset=\"\/\/aujourdhui.ma\/wp-content\/uploads\/2021\/09\/Coronavirus-covid19-Maroc-Ambulance-300x153.jpg 300w, \/\/aujourdhui.ma\/wp-content\/uploads\/2021\/09\/Coronavirus-covid19-Maroc-Ambulance-274x140.jpg 274w, \/\/aujourdhui.ma\/wp-content\/uploads\/2021\/09\/Coronavirus-covid19-Maroc-Ambulance.jpg 746w, \/\/aujourdhui.ma\/wp-content\/uploads\/2021\/09\/Coronavirus-covid19-Maroc-Ambulance-165x84.jpg 165w, \/\/aujourdhui.ma\/wp-content\/uploads\/2021\/09\/Coronavirus-covid19-Maroc-Ambulance-702x358.jpg 702w\" sizes=\"auto, (max-width: 300px) 100vw, 300px\"><\/p>\n<p><span style=\"font-size: 20px; color: #800000;\"><strong>Entre hier \u00e0 16H00 et aujourd\u2019hui \u00e0 16H00<\/strong><\/span><span id=\"more-386846\"><\/span><\/p>\n<p>2 432 nouveaux cas soit un cumul de 913 423 cas \u00e0 ce jour.<br \/>\n3 672 gu\u00e9risons soit un cumul de 872 976 \u00e0 ce jour.<br \/>\n46 nouveaux d\u00e9c\u00e8s donc un cumul de 13 775 \u00e0 ce jour.<\/p>\n<p><span style=\"color: #ff0000;\"><strong>Nombre de personnes vaccin\u00e9es au 16 septembre 16H00<\/strong><\/span><\/p>\n<p>1\u00e8re dose :<strong> 20 757 405<br \/>\n<\/strong><\/p>\n<p>2\u00e8me dose :<strong> 17 225 962<br \/>\n<\/strong><\/p>\n<p><a href=\"https:\/\/linitiative.ca\/International\/wp-content\/uploads\/sites\/23\/2021\/09\/coronavirus16092021_page-0001.jpg\"><img decoding=\"async\" loading=\"lazy\" class=\"aligncenter size-full wp-image-386894\" src=\"https:\/\/linitiative.ca\/International\/wp-content\/uploads\/sites\/23\/2021\/09\/coronavirus16092021_page-0001.jpg\" alt=\"\" width=\"1241\" height=\"1755\" srcset=\"\/\/aujourdhui.ma\/wp-content\/uploads\/2021\/09\/coronavirus16092021_page-0001.jpg 1241w, \/\/aujourdhui.ma\/wp-content\/uploads\/2021\/09\/coronavirus16092021_page-0001-212x300.jpg 212w, \/\/aujourdhui.ma\/wp-content\/uploads\/2021\/09\/coronavirus16092021_page-0001-724x1024.jpg 724w, \/\/aujourdhui.ma\/wp-content\/uploads\/2021\/09\/coronavirus16092021_page-0001-768x1086.jpg 768w, \/\/aujourdhui.ma\/wp-content\/uploads\/2021\/09\/coronavirus16092021_page-0001-1086x1536.jpg 1086w\" sizes=\"auto, (max-width: 1241px) 100vw, 1241px\"><\/a> <a href=\"https:\/\/linitiative.ca\/International\/wp-content\/uploads\/sites\/23\/2021\/09\/coronavirus16092021_page-0002.jpg\"><img decoding=\"async\" loading=\"lazy\" class=\"aligncenter size-full wp-image-386895\" src=\"https:\/\/linitiative.ca\/International\/wp-content\/uploads\/sites\/23\/2021\/09\/coronavirus16092021_page-0002.jpg\" alt=\"\" width=\"1241\" height=\"1755\" srcset=\"\/\/aujourdhui.ma\/wp-content\/uploads\/2021\/09\/coronavirus16092021_page-0002.jpg 1241w, \/\/aujourdhui.ma\/wp-content\/uploads\/2021\/09\/coronavirus16092021_page-0002-212x300.jpg 212w, \/\/aujourdhui.ma\/wp-content\/uploads\/2021\/09\/coronavirus16092021_page-0002-724x1024.jpg 724w, \/\/aujourdhui.ma\/wp-content\/uploads\/2021\/09\/coronavirus16092021_page-0002-768x1086.jpg 768w, \/\/aujourdhui.ma\/wp-content\/uploads\/2021\/09\/coronavirus16092021_page-0002-1086x1536.jpg 1086w\" sizes=\"auto, (max-width: 1241px) 100vw, 1241px\"><\/a> <a href=\"https:\/\/linitiative.ca\/International\/wp-content\/uploads\/sites\/23\/2021\/09\/coronavirus16092021_page-0003.jpg\"><img decoding=\"async\" loading=\"lazy\" class=\"aligncenter size-full wp-image-386896\" src=\"https:\/\/linitiative.ca\/International\/wp-content\/uploads\/sites\/23\/2021\/09\/coronavirus16092021_page-0003.jpg\" alt=\"\" width=\"1241\" height=\"1755\" srcset=\"\/\/aujourdhui.ma\/wp-content\/uploads\/2021\/09\/coronavirus16092021_page-0003.jpg 1241w, \/\/aujourdhui.ma\/wp-content\/uploads\/2021\/09\/coronavirus16092021_page-0003-212x300.jpg 212w, \/\/aujourdhui.ma\/wp-content\/uploads\/2021\/09\/coronavirus16092021_page-0003-724x1024.jpg 724w, \/\/aujourdhui.ma\/wp-content\/uploads\/2021\/09\/coronavirus16092021_page-0003-768x1086.jpg 768w, \/\/aujourdhui.ma\/wp-content\/uploads\/2021\/09\/coronavirus16092021_page-0003-1086x1536.jpg 1086w\" sizes=\"auto, (max-width: 1241px) 100vw, 1241px\"><\/a> <a href=\"https:\/\/linitiative.ca\/International\/wp-content\/uploads\/sites\/23\/2021\/09\/coronavirus16092021_page-0004.jpg\"><img decoding=\"async\" loading=\"lazy\" class=\"aligncenter size-full wp-image-386897\" src=\"https:\/\/linitiative.ca\/International\/wp-content\/uploads\/sites\/23\/2021\/09\/coronavirus16092021_page-0004.jpg\" alt=\"\" width=\"1241\" height=\"1755\" srcset=\"\/\/aujourdhui.ma\/wp-content\/uploads\/2021\/09\/coronavirus16092021_page-0004.jpg 1241w, \/\/aujourdhui.ma\/wp-content\/uploads\/2021\/09\/coronavirus16092021_page-0004-212x300.jpg 212w, \/\/aujourdhui.ma\/wp-content\/uploads\/2021\/09\/coronavirus16092021_page-0004-724x1024.jpg 724w, \/\/aujourdhui.ma\/wp-content\/uploads\/2021\/09\/coronavirus16092021_page-0004-768x1086.jpg 768w, \/\/aujourdhui.ma\/wp-content\/uploads\/2021\/09\/coronavirus16092021_page-0004-1086x1536.jpg 1086w\" sizes=\"auto, (max-width: 1241px) 100vw, 1241px\"><\/a> <a href=\"https:\/\/linitiative.ca\/International\/wp-content\/uploads\/sites\/23\/2021\/09\/coronavirus16092021_page-0005.jpg\"><img decoding=\"async\" loading=\"lazy\" class=\"aligncenter size-full wp-image-386898\" src=\"https:\/\/linitiative.ca\/International\/wp-content\/uploads\/sites\/23\/2021\/09\/coronavirus16092021_page-0005.jpg\" alt=\"\" width=\"1241\" height=\"1755\" srcset=\"\/\/aujourdhui.ma\/wp-content\/uploads\/2021\/09\/coronavirus16092021_page-0005.jpg 1241w, \/\/aujourdhui.ma\/wp-content\/uploads\/2021\/09\/coronavirus16092021_page-0005-212x300.jpg 212w, \/\/aujourdhui.ma\/wp-content\/uploads\/2021\/09\/coronavirus16092021_page-0005-724x1024.jpg 724w, \/\/aujourdhui.ma\/wp-content\/uploads\/2021\/09\/coronavirus16092021_page-0005-768x1086.jpg 768w, \/\/aujourdhui.ma\/wp-content\/uploads\/2021\/09\/coronavirus16092021_page-0005-1086x1536.jpg 1086w\" sizes=\"auto, (max-width: 1241px) 100vw, 1241px\"><\/a><\/p>\n<\/div>\n<p>Auteur: ALM<br \/>\n<a href=\"https:\/\/aujourdhui.ma\/societe\/covid-19-maroc-la-situation-epidemiologique-au-16-septembre-2021-a-16h00\">Cliquez ici pour lire l&rsquo;article depuis sa source.<\/a><\/p>\n","protected":false},"excerpt":{"rendered":"<p>Entre hier \u00e0 16H00 et aujourd\u2019hui \u00e0 16H00 2 432 nouveaux cas soit un cumul de 913 423 cas \u00e0 ce jour. 3 672 gu\u00e9risons soit un cumul de 872 976 \u00e0 ce jour. 46 nouveaux d\u00e9c\u00e8s donc un cumul de 13 775 \u00e0 ce jour. Nombre de personnes vaccin\u00e9es au 16 septembre 16H00 1\u00e8re [&hellip;]<\/p>\n","protected":false},"author":1759,"featured_media":0,"comment_status":"closed","ping_status":"closed","sticky":false,"template":"","format":"standard","meta":{"fifu_image_url":"https:\/\/aujourdhui.ma\/wp-content\/uploads\/2021\/09\/Coronavirus-covid19-Maroc-Ambulance-300x153.jpg","fifu_image_alt":"Covid-19 \/ Maroc : La situation \u00e9pid\u00e9miologique au 16 septembre 2021 \u00e0 16H00","footnotes":""},"categories":[73,54],"tags":[],"class_list":["post-127190","post","type-post","status-publish","format-standard","hentry","category-actualite","category-maroc"],"_links":{"self":[{"href":"https:\/\/linitiative.ca\/International\/wp-json\/wp\/v2\/posts\/127190","targetHints":{"allow":["GET"]}}],"collection":[{"href":"https:\/\/linitiative.ca\/International\/wp-json\/wp\/v2\/posts"}],"about":[{"href":"https:\/\/linitiative.ca\/International\/wp-json\/wp\/v2\/types\/post"}],"author":[{"embeddable":true,"href":"https:\/\/linitiative.ca\/International\/wp-json\/wp\/v2\/users\/1759"}],"replies":[{"embeddable":true,"href":"https:\/\/linitiative.ca\/International\/wp-json\/wp\/v2\/comments?post=127190"}],"version-history":[{"count":0,"href":"https:\/\/linitiative.ca\/International\/wp-json\/wp\/v2\/posts\/127190\/revisions"}],"wp:attachment":[{"href":"https:\/\/linitiative.ca\/International\/wp-json\/wp\/v2\/media?parent=127190"}],"wp:term":[{"taxonomy":"category","embeddable":true,"href":"https:\/\/linitiative.ca\/International\/wp-json\/wp\/v2\/categories?post=127190"},{"taxonomy":"post_tag","embeddable":true,"href":"https:\/\/linitiative.ca\/International\/wp-json\/wp\/v2\/tags?post=127190"}],"curies":[{"name":"wp","href":"https:\/\/api.w.org\/{rel}","templated":true}]}}