{"id":127197,"date":"2021-09-15T14:00:00","date_gmt":"2021-09-15T18:00:00","guid":{"rendered":"https:\/\/linitiative.ca\/International\/une-grande-opportunite-pour-redefinir-les-relations-bilaterales\/"},"modified":"2021-09-15T14:00:00","modified_gmt":"2021-09-15T18:00:00","slug":"une-grande-opportunite-pour-redefinir-les-relations-bilaterales","status":"publish","type":"post","link":"https:\/\/linitiative.ca\/International\/une-grande-opportunite-pour-redefinir-les-relations-bilaterales\/","title":{"rendered":"Une grande opportunit\u00e9 pour red\u00e9finir les relations bilat\u00e9rales"},"content":{"rendered":"<div>\n<p class=\"has-text-align-center has-vivid-red-color has-text-color\"><strong>Maroc \u2013 Espagne<\/strong><\/p>\n<p class=\"has-black-color has-text-color\"><strong>Le gouvernement espagnol a mis en avant l\u2019existence d\u2019une \u00ab\u00a0grande opportunit\u00e9\u00a0\u00bb de red\u00e9finir les relations avec le Maroc suite au discours adress\u00e9 par SM le Roi Mohammed VI \u00e0 la Nation, \u00e0 l\u2019occasion du 68\u00e8me anniversaire de la R\u00e9volution du Roi et du Peuple.<\/strong><\/p>\n<p class=\"has-black-color has-text-color\">Dans une r\u00e9ponse \u00e9crite \u00e0 une question du groupe parlementaire de Vox, publi\u00e9e mardi, le gouvernement a fait valoir qu&rsquo;\u00a0\u00bbil existe actuellement une grande opportunit\u00e9 de red\u00e9finir les relations bilat\u00e9rales et les piliers sur lesquels elles sont bas\u00e9es\u00a0\u00bb.<\/p>\n<p class=\"has-black-color has-text-color\">Dans ce sens, l\u2019ex\u00e9cutif espagnol, conduit par Pedro Sanchez, a assur\u00e9 qu\u2019il \u0153uvre pour \u00e9difier de \u00ab\u00a0nouvelles et fermes relations avec le Maroc\u00a0\u00bb permettant de consolider la \u00ab\u00a0coop\u00e9ration bilat\u00e9rale\u00a0\u00bb.<br \/>Dans sa r\u00e9ponse, le gouvernement espagnol de coalition a r\u00e9it\u00e9r\u00e9 que \u00ab\u00a0le Maroc est un partenaire strat\u00e9gique et un pays ami\u00a0\u00bb.<\/p>\n<p class=\"has-black-color has-text-color\">SM le Roi Mohammed VI avait indiqu\u00e9, dans Son discours du 20 Ao\u00fbt dernier, que le Maroc souhaite, avec un optimisme sinc\u00e8re, continuer \u00e0 \u0153uvrer avec le gouvernement espagnol et son pr\u00e9sident, Pedro Sanchez, afin d\u2019inaugurer \u00abune \u00e9tape in\u00e9dite\u00bb dans les relations entre les deux pays voisins.<br \/>Ces relations devront reposer sur la confiance, la transparence, la consid\u00e9ration mutuelle et le respect des engagements, avait tenu \u00e0 pr\u00e9ciser le Souverain.<\/p>\n<p>L\u2019article <a rel=\"nofollow\" href=\"http:\/\/albayane.press.ma\/une-grande-opportunite-pour-redefinir-les-relations-bilaterales.html\">Une grande opportunit\u00e9 pour red\u00e9finir les relations bilat\u00e9rales<\/a> est apparu en premier sur <a rel=\"nofollow\" href=\"http:\/\/albayane.press.ma\/\">ALBAYANE<\/a>.<\/p>\n<\/div>\n<p>Auteur: M&rsquo;hammed rahal<br \/>\n<a href=\"http:\/\/albayane.press.ma\/une-grande-opportunite-pour-redefinir-les-relations-bilaterales.html\">Cliquez ici pour lire l&rsquo;article depuis sa source.<\/a><\/p>\n","protected":false},"excerpt":{"rendered":"<p>Maroc \u2013 Espagne Le gouvernement espagnol a mis en avant l\u2019existence d\u2019une \u00ab\u00a0grande opportunit\u00e9\u00a0\u00bb de red\u00e9finir les relations avec le Maroc suite au discours adress\u00e9 par SM le Roi Mohammed VI \u00e0 la Nation, \u00e0 l\u2019occasion du 68\u00e8me anniversaire de la R\u00e9volution du Roi et du Peuple. Dans une r\u00e9ponse \u00e9crite \u00e0 une question du [&hellip;]<\/p>\n","protected":false},"author":1760,"featured_media":0,"comment_status":"closed","ping_status":"closed","sticky":false,"template":"","format":"standard","meta":{"fifu_image_url":"","fifu_image_alt":"","footnotes":""},"categories":[73,54],"tags":[],"class_list":["post-127197","post","type-post","status-publish","format-standard","hentry","category-actualite","category-maroc"],"_links":{"self":[{"href":"https:\/\/linitiative.ca\/International\/wp-json\/wp\/v2\/posts\/127197","targetHints":{"allow":["GET"]}}],"collection":[{"href":"https:\/\/linitiative.ca\/International\/wp-json\/wp\/v2\/posts"}],"about":[{"href":"https:\/\/linitiative.ca\/International\/wp-json\/wp\/v2\/types\/post"}],"author":[{"embeddable":true,"href":"https:\/\/linitiative.ca\/International\/wp-json\/wp\/v2\/users\/1760"}],"replies":[{"embeddable":true,"href":"https:\/\/linitiative.ca\/International\/wp-json\/wp\/v2\/comments?post=127197"}],"version-history":[{"count":0,"href":"https:\/\/linitiative.ca\/International\/wp-json\/wp\/v2\/posts\/127197\/revisions"}],"wp:attachment":[{"href":"https:\/\/linitiative.ca\/International\/wp-json\/wp\/v2\/media?parent=127197"}],"wp:term":[{"taxonomy":"category","embeddable":true,"href":"https:\/\/linitiative.ca\/International\/wp-json\/wp\/v2\/categories?post=127197"},{"taxonomy":"post_tag","embeddable":true,"href":"https:\/\/linitiative.ca\/International\/wp-json\/wp\/v2\/tags?post=127197"}],"curies":[{"name":"wp","href":"https:\/\/api.w.org\/{rel}","templated":true}]}}