{"id":127198,"date":"2021-09-15T14:00:00","date_gmt":"2021-09-15T18:00:00","guid":{"rendered":"https:\/\/linitiative.ca\/International\/nouveaux-iphone-memes-problemes\/"},"modified":"2021-09-15T14:00:00","modified_gmt":"2021-09-15T18:00:00","slug":"nouveaux-iphone-memes-problemes","status":"publish","type":"post","link":"https:\/\/linitiative.ca\/International\/nouveaux-iphone-memes-problemes\/","title":{"rendered":"Nouveaux iPhone, m\u00eames probl\u00e8mes"},"content":{"rendered":"<div>\n<p class=\"has-text-align-center has-vivid-red-color has-text-color\"><strong>Apple<\/strong><\/p>\n<p class=\"has-black-color has-text-color\"><strong>Apple a pr\u00e9sent\u00e9 mardi de nouveaux smartphones, tablettes et montres high tech \u00e0 grand renfort de superlatifs, mais le g\u00e9ant des technologies peut difficilement faire oublier les critiques qui s\u2019accumulent sur le front de la concurrence, de la confidentialit\u00e9 ou de la cybers\u00e9curit\u00e9.<\/strong><\/p>\n<p class=\"has-black-color has-text-color\">\u00ab\u00a0Quelle s\u00e9rie d\u2019annonces spectaculaires\u00a0\u00bb, s\u2019est f\u00e9licit\u00e9 le patron Tim Cook au terme de l\u2019\u00e9v\u00e9nement marketing annuel diffus\u00e9 en ligne, pand\u00e9mie oblige.<\/p>\n<p class=\"has-black-color has-text-color\">Mais contrairement \u00e0 l\u2019ann\u00e9e derni\u00e8re, avec l\u2019ajout de la 5G, les am\u00e9liorations techniques apport\u00e9es \u00e0 la nouvelle g\u00e9n\u00e9ration d\u2019appareils de la marque \u00e0 la pomme n\u2019incluent pas de changement fondamentaux.<br \/>\u00ab\u00a0Un autre \u00e9v\u00e9nement annuel pour des mises \u00e0 jour sans beaucoup de surprises\u00a0\u00bb, a r\u00e9sum\u00e9 dans un tweet Gene Munster du fonds d\u2019investissement Loup Funds.<\/p>\n<p class=\"has-black-color has-text-color\">Le groupe californien a d\u00e9voil\u00e9, comme attendu, la gamme iPhone 13. Elle comprend quatre mod\u00e8les, de la version \u00ab\u00a0Mini\u00a0\u00bb qui sera commercialis\u00e9e \u00e0 partir de 700 dollars, \u00e0 l\u2019iPhone 13 Pro Max, \u00e0 partir de 1.100 dollars. Des prix \u00e9quivalents \u00e0 ceux de l\u2019iPhone 12 lors de leur sortie fin 2020.<br \/>Leurs cam\u00e9ras et batteries sont plus performantes, et la capacit\u00e9 5G doit \u00eatre \u00e9tendue \u00e0 plus de 200 op\u00e9rateurs t\u00e9l\u00e9phoniques dans 60 pays et r\u00e9gions d\u2019ici la fin de l\u2019ann\u00e9e, a mentionn\u00e9 Kaiann Drance, la vice-pr\u00e9sidente charg\u00e9e des iPhone.<\/p>\n<p class=\"has-black-color has-text-color\">Elle a aussi rappel\u00e9 les mesures les plus r\u00e9centes prises pour prot\u00e9ger la confidentialit\u00e9 des donn\u00e9es de ses consommateurs, un des arguments de vente majeurs de la marque.<\/p>\n<p class=\"has-black-color has-text-color\">Apple vient pourtant d\u2019essuyer plusieurs semaines de pol\u00e9mique au sujet de ses nouveaux outils de lutte contre la p\u00e9dopornographie sur ses iPhone et iPad, qui ont suscit\u00e9 un toll\u00e9 de la part des d\u00e9fenseurs de la vie priv\u00e9e en ligne.<br \/>Des militants de l\u2019ONG Fight for the Future ont m\u00eame d\u00e9ploy\u00e9 des banderoles lundi soir devant des magasins de la marque aux Etats-Unis, appelant l\u2019entreprise \u00e0 \u00ab\u00a0ne pas espionner nos t\u00e9l\u00e9phones\u00a0\u00bb.<\/p>\n<p class=\"has-black-color has-text-color\">La firme a assur\u00e9 que ces nouveaux algorithmes ne rendaient pas son syst\u00e8me moins s\u00fbr ou moins confidentiel, mais a quand m\u00eame d\u00e9cid\u00e9 d\u00e9but septembre de retarder leur mise en place.<\/p>\n<p class=\"has-black-color has-text-color\">Fin ao\u00fbt, elle a aussi annonc\u00e9 des concessions aux d\u00e9veloppeurs d\u2019applications. Nombre d\u2019entre eux accusent Apple d\u2019abuser de sa position dominante sur le march\u00e9 de l\u2019\u00e9conomie mobile, en leur imposant l\u2019App Store comme passage oblig\u00e9 des consommateurs pour t\u00e9l\u00e9charger des applis et payer pour des biens et services num\u00e9riques.<br \/>Une juge californienne dans le proc\u00e8s contre Epic Games, \u00e9diteur du jeu Fortnite, vient d\u2019interdire \u00e0 la soci\u00e9t\u00e9 de forcer les d\u00e9veloppeurs \u00e0 utiliser son syst\u00e8me de paiement au sein de leurs applications.<\/p>\n<p class=\"has-black-color has-text-color\">\u00ab\u00a0Plus d\u2019un million d\u2019applis ont \u00e9t\u00e9 con\u00e7ues sp\u00e9cifiquement\u00a0\u00bb pour l\u2019iPad, a soulign\u00e9 mardi Tim Cook, qui ne perd jamais une occasion de mettre en avant le riche \u00e9cosyst\u00e8me cr\u00e9\u00e9 par l\u2019invention de l\u2019App Store, il y a d\u00e9j\u00e0 13 ans.<br \/>Mais ni les concessions de la soci\u00e9t\u00e9, ni la d\u00e9cision de la juge \u2013 qui a blanchi Apple des accusations de monopole \u2013 ne trouvent gr\u00e2ce aux yeux de certains d\u00e9veloppeurs.<\/p>\n<p class=\"has-black-color has-text-color\">\u00ab\u00a0Le lancement de l\u2019iPhone 13 aujourd\u2019hui ne nous dit qu\u2019une seule chose : nouvel iPhone, m\u00eame App Store n\u00e9faste\u00a0\u00bb, a ironis\u00e9 sur Twitter la Coalition for App Fairness (\u00ab\u00a0coalition pour l\u2019\u00e9quit\u00e9 entre applis\u00a0\u00bb), dont font partie Epic Games, Spotify, Deezer et d\u2019autres.<\/p>\n<p class=\"has-black-color has-text-color\">Sur sa sc\u00e8ne virtuelle, Tim Cook continuait pendant ce temps d\u2019\u00e9num\u00e9rer les qualit\u00e9s des nouveaux combin\u00e9s, ou de mettre en avant la popularit\u00e9 des iPad, dont les ventes ont \u00ab\u00a0cru de 40% l\u2019ann\u00e9e pass\u00e9e\u00a0\u00bb.<br \/>Il a aussi pr\u00e9sent\u00e9 une nouvelle montre connect\u00e9e, l\u2019Apple Watch Series 7, cens\u00e9e rendre ses utilisateurs toujours plus sportifs.<\/p>\n<p class=\"has-black-color has-text-color\">L\u2019analyste Dan Ives a surtout retenu les capacit\u00e9s de stockage augment\u00e9es \u00e0 1 TB pour les iPhone 13 Pro. Malgr\u00e9 la p\u00e9nurie de puces \u00e9lectroniques, il estime qu\u2019Apple est sur une \u00ab\u00a0bonne lanc\u00e9e commerciale\u00a0\u00bb, car \u00ab\u00a0250 millions des 975 millions d\u2019iPhone en circulation dans le monde n\u2019ont pas \u00e9t\u00e9 remplac\u00e9s par une version plus r\u00e9cente depuis trois ans et demi\u00a0\u00bb.<\/p>\n<p class=\"has-black-color has-text-color\">Les consommateurs ont surtout int\u00e9r\u00eat \u00e0 mettre \u00e0 jour leur syst\u00e8me d\u2019exploitation: lundi, le groupe de Cupertino a indiqu\u00e9 avoir r\u00e9par\u00e9 dans l\u2019urgence une faille informatique que le logiciel d\u2019espionnage Pegasus \u00e9tait capable d\u2019exploiter pour infecter les iPhone, sans m\u00eame que l\u2019utilisateur n\u2019ait \u00e0 cliquer sur un lien pi\u00e9g\u00e9.<br \/>Un \u00e9ni\u00e8me coup dur pour le groupe le plus cher au monde \u2013 valoris\u00e9 \u00e0 pr\u00e8s de 2.500 milliards de dollars \u2013 qui a construit son succ\u00e8s, notamment, sur la r\u00e9putation de sa s\u00e9curit\u00e9.<\/p>\n<p>L\u2019article <a rel=\"nofollow\" href=\"http:\/\/albayane.press.ma\/nouveaux-iphone-memes-problemes.html\">Nouveaux iPhone, m\u00eames probl\u00e8mes<\/a> est apparu en premier sur <a rel=\"nofollow\" href=\"http:\/\/albayane.press.ma\/\">ALBAYANE<\/a>.<\/p>\n<\/div>\n<p>Auteur: M&rsquo;hammed rahal<br \/>\n<a href=\"http:\/\/albayane.press.ma\/nouveaux-iphone-memes-problemes.html\">Cliquez ici pour lire l&rsquo;article depuis sa source.<\/a><\/p>\n","protected":false},"excerpt":{"rendered":"<p>Apple Apple a pr\u00e9sent\u00e9 mardi de nouveaux smartphones, tablettes et montres high tech \u00e0 grand renfort de superlatifs, mais le g\u00e9ant des technologies peut difficilement faire oublier les critiques qui s\u2019accumulent sur le front de la concurrence, de la confidentialit\u00e9 ou de la cybers\u00e9curit\u00e9. \u00ab\u00a0Quelle s\u00e9rie d\u2019annonces spectaculaires\u00a0\u00bb, s\u2019est f\u00e9licit\u00e9 le patron Tim Cook au [&hellip;]<\/p>\n","protected":false},"author":1760,"featured_media":0,"comment_status":"closed","ping_status":"closed","sticky":false,"template":"","format":"standard","meta":{"fifu_image_url":"","fifu_image_alt":"","footnotes":""},"categories":[73,54],"tags":[],"class_list":["post-127198","post","type-post","status-publish","format-standard","hentry","category-actualite","category-maroc"],"_links":{"self":[{"href":"https:\/\/linitiative.ca\/International\/wp-json\/wp\/v2\/posts\/127198","targetHints":{"allow":["GET"]}}],"collection":[{"href":"https:\/\/linitiative.ca\/International\/wp-json\/wp\/v2\/posts"}],"about":[{"href":"https:\/\/linitiative.ca\/International\/wp-json\/wp\/v2\/types\/post"}],"author":[{"embeddable":true,"href":"https:\/\/linitiative.ca\/International\/wp-json\/wp\/v2\/users\/1760"}],"replies":[{"embeddable":true,"href":"https:\/\/linitiative.ca\/International\/wp-json\/wp\/v2\/comments?post=127198"}],"version-history":[{"count":0,"href":"https:\/\/linitiative.ca\/International\/wp-json\/wp\/v2\/posts\/127198\/revisions"}],"wp:attachment":[{"href":"https:\/\/linitiative.ca\/International\/wp-json\/wp\/v2\/media?parent=127198"}],"wp:term":[{"taxonomy":"category","embeddable":true,"href":"https:\/\/linitiative.ca\/International\/wp-json\/wp\/v2\/categories?post=127198"},{"taxonomy":"post_tag","embeddable":true,"href":"https:\/\/linitiative.ca\/International\/wp-json\/wp\/v2\/tags?post=127198"}],"curies":[{"name":"wp","href":"https:\/\/api.w.org\/{rel}","templated":true}]}}