{"id":127199,"date":"2021-09-15T14:00:00","date_gmt":"2021-09-15T18:00:00","guid":{"rendered":"https:\/\/linitiative.ca\/International\/les-premiers-touristes-spatiaux-prets-a-decoller-mercredi\/"},"modified":"2021-09-15T14:00:00","modified_gmt":"2021-09-15T18:00:00","slug":"les-premiers-touristes-spatiaux-prets-a-decoller-mercredi","status":"publish","type":"post","link":"https:\/\/linitiative.ca\/International\/les-premiers-touristes-spatiaux-prets-a-decoller-mercredi\/","title":{"rendered":"Les premiers touristes spatiaux pr\u00eats \u00e0 d\u00e9coller mercredi"},"content":{"rendered":"<div>\n<p class=\"has-text-align-center has-vivid-red-color has-text-color\"><strong>SpaceX<\/strong><\/p>\n<p class=\"has-black-color has-text-color\"><strong>Quatre humains n\u2019ayant jamais \u00e9t\u00e9 dans l\u2019espace auparavant peuvent-ils passer trois jours seuls en orbite autour de la Terre, en ne s\u2019\u00e9tant entra\u00een\u00e9s que quelques mois? C\u2019est le d\u00e9fi que s\u2019est lanc\u00e9 SpaceX, dont la premi\u00e8re mission de tourisme spatial doit d\u00e9coller mercredi soir.<\/strong><\/p>\n<p class=\"has-black-color has-text-color\">Baptis\u00e9e Inspiration4, elle est la premi\u00e8re de l\u2019Histoire \u00e0 n\u2019envoyer en orbite que des novices, sans aucun astronaute professionnel \u00e0 bord.<\/p>\n<p class=\"has-black-color has-text-color\">Le d\u00e9collage doit avoir lieu \u00e0 partir de 20H02 (00H02 GMT jeudi), avec une fen\u00eatre de lancement de cinq heures et pour le moment une m\u00e9t\u00e9o favorable. La fus\u00e9e Falcon 9, portant \u00e0 son sommet la capsule Dragon, sera propuls\u00e9e depuis la mythique aire de lancement 39A du Kennedy Center de la Nasa, en Floride, d\u2019o\u00f9 d\u00e9colla notamment la mission Apollo 11 pour la Lune.<\/p>\n<p class=\"has-black-color has-text-color\">Les quatre Am\u00e9ricains \u00e0 bord doivent voyager plus loin que la Station spatiale internationale (ISS), \u00e0 une orbite vis\u00e9e de 575 km. Ils feront chaque jour environ 15 fois le tour du globe.<\/p>\n<p class=\"has-black-color has-text-color\">Au terme de leur p\u00e9riple, ils entameront une vertigineuse descente pour amerrir au large de la Floride, frein\u00e9s par d\u2019immenses parachutes.<\/p>\n<p class=\"has-black-color has-text-color\">La mission a \u00e9t\u00e9 affr\u00e9t\u00e9e par le milliardaire Jared Isaacman, 38 ans, patron d\u2019une entreprise de services financiers et pilote aguerri. Le prix qu\u2019il a pay\u00e9 \u00e0 SpaceX n\u2019a pas \u00e9t\u00e9 d\u00e9voil\u00e9, mais se compte en dizaines de millions de dollars. Il sera le commandant \u00e0 bord, et a offert trois autres si\u00e8ges \u00e0 des inconnus.<\/p>\n<p class=\"has-black-color has-text-color\">Hayley Arceneaux, rescap\u00e9e d\u2019un cancer p\u00e9diatrique, est une assistante m\u00e9dicale de 29 ans. Elle sera la plus jeune Am\u00e9ricaine \u00e0 se rendre en orbite et la premi\u00e8re personne avec une proth\u00e8se (de f\u00e9mur).<br \/>Chris Sembroski, 42 ans, est un ancien de l\u2019arm\u00e9e de l\u2019Air am\u00e9ricaine qui travaille d\u00e9sormais dans l\u2019industrie a\u00e9ronautique.<\/p>\n<p class=\"has-black-color has-text-color\">Enfin, Sian Proctor, professeure de sciences de la Terre de 51 ans, avait failli en 2009 \u00eatre s\u00e9lectionn\u00e9e pour devenir astronaute pour la Nasa. Elle sera seulement la quatri\u00e8me femme Afro-Am\u00e9ricaine \u00e0 aller dans l\u2019espace.<br \/>Le but affich\u00e9: repr\u00e9senter un tournant dans la d\u00e9mocratisation de l\u2019espace, en prouvant que le cosmos est aussi accessible \u00e0 des personnes n\u2019ayant pas \u00e9t\u00e9 tri\u00e9es sur le volet, et form\u00e9es durant de longues ann\u00e9es comme les astronautes. Pour SpaceX, il ne s\u2019agit rien de moins que d\u2019un premier pas vers une humanit\u00e9 multiplan\u00e9taire \u2014 la vision ultime d\u2019Elon Musk.<\/p>\n<p class=\"has-black-color has-text-color\">\u00ab\u00a0Nous nous rendons compte de notre chance, et nous essayons d\u2019\u00eatre tr\u00e8s r\u00e9fl\u00e9chis dans notre approche, afin d\u2019\u00e9tablir, on l\u2019esp\u00e8re, la norme pour les missions \u00e0 suivre\u00a0\u00bb, a d\u00e9clar\u00e9 mardi Jared Isaacman lors d\u2019une conf\u00e9rence de presse. \u00ab\u00a0Ca ne fait que commencer.\u00a0\u00bb<\/p>\n<p class=\"has-black-color has-text-color\">A bord, leurs donn\u00e9es biologiques (rythme cardiaque, sommeil\u2026) ainsi que leurs capacit\u00e9s cognitives seront analys\u00e9es. Ils se plieront \u00e9galement \u00e0 des tests avant et apr\u00e8s le voyage, pour mesurer l\u2019effet sur leurs corps.<br \/>Leur entra\u00eenement n\u2019a dur\u00e9 qu\u2019environ six mois. Le vol devrait normalement rester enti\u00e8rement automatis\u00e9, mais l\u2019\u00e9quipage a \u00e9t\u00e9 form\u00e9 par SpaceX pour pouvoir prendre le contr\u00f4le en cas de situation d\u2019urgence.<\/p>\n<p class=\"has-black-color has-text-color\">Ils ont \u00e9galement \u00e9t\u00e9 test\u00e9s physiquement. Ensemble, ils ont effectu\u00e9 un trek dans la neige jusqu\u2019\u00e0 plus de 3.000 m\u00e8tres d\u2019altitude dans le Nord-Ouest am\u00e9ricain, et exp\u00e9riment\u00e9 la force g \u00e0 laquelle ils seront expos\u00e9s gr\u00e2ce \u00e0 une centrifugeuse (long bras en rotation rapide) et des vols en jet.<\/p>\n<p class=\"has-black-color has-text-color\">La mission sert par ailleurs d\u2019immense lev\u00e9e de fonds pour l\u2019h\u00f4pital p\u00e9diatrique de St Jude (Memphis, Tennessee), o\u00f9 travaille aujourd\u2019hui Hayley Arceneaux apr\u00e8s y avoir \u00e9t\u00e9 soign\u00e9e enfant. Dans le vaisseau se trouveront divers objets (un ukul\u00e9l\u00e9, 30 kg de houblon destin\u00e9 \u00e0 faire sur Terre de la bi\u00e8re saveur espace, oeuvres NFT certifi\u00e9es num\u00e9riquement\u2026) qui seront ensuite mis aux ench\u00e8res.<\/p>\n<p class=\"has-black-color has-text-color\">Cette mission conclut un \u00e9t\u00e9 marqu\u00e9 par l\u2019envol de milliardaires au-dessus de l\u2019ultime fronti\u00e8re: d\u2019abord Richard Branson le 11 juillet, \u00e0 bord du vaisseau de Virgin Galactic, puis quelques jours plus tard Jeff Bezos, avec sa soci\u00e9t\u00e9 Blue Origin. Mais ces vols l\u00e0 n\u2019offraient que quelques minutes en apesanteur.<\/p>\n<p class=\"has-black-color has-text-color\">C\u2019est la quatri\u00e8me fois que l\u2019entreprise d\u2019Elon Musk, devenue en quelques ann\u00e9es seulement un g\u00e9ant du secteur, envoie des humains dans l\u2019espace, apr\u00e8s avoir achemin\u00e9 10 astronautes vers l\u2019ISS pour le compte de la Nasa.<br \/>Il y a d\u00e9j\u00e0 eu des touristes dans l\u2019espace: de riches personnalit\u00e9s se sont par exemple rendues dans l\u2019ISS entre 2001 et 2009, \u00e0 bord de fus\u00e9es russes.<\/p>\n<p class=\"has-black-color has-text-color\">Mais l\u2019av\u00e8nement des programmes d\u2019entreprises priv\u00e9es marque aujourd\u2019hui un tournant. SpaceX pr\u00e9voit par la suite d\u2019autres vols de tourisme spatial, dont un d\u00e8s janvier 2022, qui doit notamment transporter trois hommes d\u2019affaires vers l\u2019ISS.<\/p>\n<p>L\u2019article <a rel=\"nofollow\" href=\"http:\/\/albayane.press.ma\/les-premiers-touristes-spatiaux-prets-a-decoller-mercredi.html\">Les premiers touristes spatiaux pr\u00eats \u00e0 d\u00e9coller mercredi<\/a> est apparu en premier sur <a rel=\"nofollow\" href=\"http:\/\/albayane.press.ma\/\">ALBAYANE<\/a>.<\/p>\n<\/div>\n<p>Auteur: M&rsquo;hammed rahal<br \/>\n<a href=\"http:\/\/albayane.press.ma\/les-premiers-touristes-spatiaux-prets-a-decoller-mercredi.html\">Cliquez ici pour lire l&rsquo;article depuis sa source.<\/a><\/p>\n","protected":false},"excerpt":{"rendered":"<p>SpaceX Quatre humains n\u2019ayant jamais \u00e9t\u00e9 dans l\u2019espace auparavant peuvent-ils passer trois jours seuls en orbite autour de la Terre, en ne s\u2019\u00e9tant entra\u00een\u00e9s que quelques mois? C\u2019est le d\u00e9fi que s\u2019est lanc\u00e9 SpaceX, dont la premi\u00e8re mission de tourisme spatial doit d\u00e9coller mercredi soir. Baptis\u00e9e Inspiration4, elle est la premi\u00e8re de l\u2019Histoire \u00e0 n\u2019envoyer [&hellip;]<\/p>\n","protected":false},"author":1760,"featured_media":0,"comment_status":"closed","ping_status":"closed","sticky":false,"template":"","format":"standard","meta":{"fifu_image_url":"","fifu_image_alt":"","footnotes":""},"categories":[73,54],"tags":[],"class_list":["post-127199","post","type-post","status-publish","format-standard","hentry","category-actualite","category-maroc"],"_links":{"self":[{"href":"https:\/\/linitiative.ca\/International\/wp-json\/wp\/v2\/posts\/127199","targetHints":{"allow":["GET"]}}],"collection":[{"href":"https:\/\/linitiative.ca\/International\/wp-json\/wp\/v2\/posts"}],"about":[{"href":"https:\/\/linitiative.ca\/International\/wp-json\/wp\/v2\/types\/post"}],"author":[{"embeddable":true,"href":"https:\/\/linitiative.ca\/International\/wp-json\/wp\/v2\/users\/1760"}],"replies":[{"embeddable":true,"href":"https:\/\/linitiative.ca\/International\/wp-json\/wp\/v2\/comments?post=127199"}],"version-history":[{"count":0,"href":"https:\/\/linitiative.ca\/International\/wp-json\/wp\/v2\/posts\/127199\/revisions"}],"wp:attachment":[{"href":"https:\/\/linitiative.ca\/International\/wp-json\/wp\/v2\/media?parent=127199"}],"wp:term":[{"taxonomy":"category","embeddable":true,"href":"https:\/\/linitiative.ca\/International\/wp-json\/wp\/v2\/categories?post=127199"},{"taxonomy":"post_tag","embeddable":true,"href":"https:\/\/linitiative.ca\/International\/wp-json\/wp\/v2\/tags?post=127199"}],"curies":[{"name":"wp","href":"https:\/\/api.w.org\/{rel}","templated":true}]}}