{"id":127200,"date":"2021-09-15T14:00:00","date_gmt":"2021-09-15T18:00:00","guid":{"rendered":"https:\/\/linitiative.ca\/International\/aziz-akhannouch-le-chef-de-gouvernement-designe-recoit-le-camarade-nabil-benabdallah-secretaire-general-du-pps\/"},"modified":"2021-09-15T14:00:00","modified_gmt":"2021-09-15T18:00:00","slug":"aziz-akhannouch-le-chef-de-gouvernement-designe-recoit-le-camarade-nabil-benabdallah-secretaire-general-du-pps","status":"publish","type":"post","link":"https:\/\/linitiative.ca\/International\/aziz-akhannouch-le-chef-de-gouvernement-designe-recoit-le-camarade-nabil-benabdallah-secretaire-general-du-pps\/","title":{"rendered":"Aziz Akhannouch, le Chef de gouvernement d\u00e9sign\u00e9 re\u00e7oit le camarade Nabil Benabdallah, Secr\u00e9taire g\u00e9n\u00e9ral du PPS"},"content":{"rendered":"<div>\n<p class=\"has-black-color has-text-color\"><strong>Le Chef de gouvernement d\u00e9sign\u00e9, M. Aziz Akhannouch, a re\u00e7u, mercredi au si\u00e8ge national du Rassemblement des Ind\u00e9pendants (RNI) \u00e0 Rabat, le Secr\u00e9taire g\u00e9n\u00e9ral du Parti du progr\u00e8s et du socialisme, et ce dans le cadre des consultations pour la formation du nouveau gouvernement.<\/strong><\/p>\n<p class=\"has-black-color has-text-color\">A l\u2019issue de cette rencontre,\u00a0 Nabil Benabdallah a post\u00e9, sur la page facebook du PPS, ainsi que sur sa page personnelle, un message dans lequel il r\u00e9sume le contenu de sa rencontre avec M. Aziz Akhannouch, au d\u00e9but de laquelle il a f\u00e9licit\u00e9 le pr\u00e9sident du RNI pour la confiance royale, tout en lui souhaitant plein succ\u00e8s dans sa mission. Voici la traduction du message du secr\u00e9taire g\u00e9n\u00e9ral du PPS\u00a0:<\/p>\n<p class=\"has-black-color has-text-color\">\u00a0\u00ab J\u2019ai rencontr\u00e9 ce matin M. Aziz Akhannouch, \u00e0 sa demande. La rencontre s\u2019est d\u00e9roul\u00e9e dans une bonne ambiance. Aussi, apr\u00e8s avoir pr\u00e9sent\u00e9 mes f\u00e9licitations au Chef du gouvernement d\u00e9sign\u00e9 pour la confiance royale plac\u00e9e en lui, j\u2019ai souhait\u00e9 succ\u00e8s au gouvernement qu\u2019il va former.\u00a0\u00bb<\/p>\n<p class=\"has-black-color has-text-color\">\u00a0Par la suite, nous avons \u00e9chang\u00e9 les points de vue sur les r\u00e9sultats des \u00e9lections et sur les perspectives d\u2019avenir de notre pays.\u00a0.<\/p>\n<p class=\"has-black-color has-text-color\">J\u2019ai assur\u00e9 le Chef du gouvernement nomm\u00e9 des pr\u00e9misses et points de d\u00e9part de base qui constituent la priorit\u00e9 pour le Parti du progr\u00e8s et du socialisme. Il s\u2019agit des questions li\u00e9es \u00e0 la consolidation de la d\u00e9mocratie, \u00e0 l\u2019\u00e9largissement des libert\u00e9s, au renforcement de l\u2019\u00e9conomie nationale et de ses capacit\u00e9s \u00e0 cr\u00e9er des richesses et des emplois dans le cadre de l\u2019Etat de droit et de la transparence, ainsi que la prise en charge des questions sociales et la sauvegarde de la dignit\u00e9 humaine, outre l\u2019indispensable attention qu\u2019il faudra porter aux d\u00e9fis culturels et environnementaux.<\/p>\n<p class=\"has-black-color has-text-color\">Et, comme c\u2019\u00e9tait attendu, la question de la participation du Parti au gouvernement ne figurait pas comme un point \u00e9ventuel \u00e0 discuter, et cela ni de sa part en tant que pr\u00e9sident ni de ma part, en tant que Secr\u00e9taire g\u00e9n\u00e9ral du Parti \u00bb.<\/p>\n<p>L\u2019article <a rel=\"nofollow\" href=\"http:\/\/albayane.press.ma\/aziz-akhannouch-le-chef-de-gouvernement-designe-recoit-le-camarade-nabil-benabdallah-secretaire-general-du-pps.html\">Aziz Akhannouch, le Chef de gouvernement d\u00e9sign\u00e9 re\u00e7oit le camarade Nabil Benabdallah, Secr\u00e9taire g\u00e9n\u00e9ral du PPS<\/a> est apparu en premier sur <a rel=\"nofollow\" href=\"http:\/\/albayane.press.ma\/\">ALBAYANE<\/a>.<\/p>\n<\/div>\n<p>Auteur: M&rsquo;hammed rahal<br \/>\n<a href=\"http:\/\/albayane.press.ma\/aziz-akhannouch-le-chef-de-gouvernement-designe-recoit-le-camarade-nabil-benabdallah-secretaire-general-du-pps.html\">Cliquez ici pour lire l&rsquo;article depuis sa source.<\/a><\/p>\n","protected":false},"excerpt":{"rendered":"<p>Le Chef de gouvernement d\u00e9sign\u00e9, M. Aziz Akhannouch, a re\u00e7u, mercredi au si\u00e8ge national du Rassemblement des Ind\u00e9pendants (RNI) \u00e0 Rabat, le Secr\u00e9taire g\u00e9n\u00e9ral du Parti du progr\u00e8s et du socialisme, et ce dans le cadre des consultations pour la formation du nouveau gouvernement. A l\u2019issue de cette rencontre,\u00a0 Nabil Benabdallah a post\u00e9, sur la [&hellip;]<\/p>\n","protected":false},"author":1760,"featured_media":0,"comment_status":"closed","ping_status":"closed","sticky":false,"template":"","format":"standard","meta":{"fifu_image_url":"","fifu_image_alt":"","footnotes":""},"categories":[73,54],"tags":[],"class_list":["post-127200","post","type-post","status-publish","format-standard","hentry","category-actualite","category-maroc"],"_links":{"self":[{"href":"https:\/\/linitiative.ca\/International\/wp-json\/wp\/v2\/posts\/127200","targetHints":{"allow":["GET"]}}],"collection":[{"href":"https:\/\/linitiative.ca\/International\/wp-json\/wp\/v2\/posts"}],"about":[{"href":"https:\/\/linitiative.ca\/International\/wp-json\/wp\/v2\/types\/post"}],"author":[{"embeddable":true,"href":"https:\/\/linitiative.ca\/International\/wp-json\/wp\/v2\/users\/1760"}],"replies":[{"embeddable":true,"href":"https:\/\/linitiative.ca\/International\/wp-json\/wp\/v2\/comments?post=127200"}],"version-history":[{"count":0,"href":"https:\/\/linitiative.ca\/International\/wp-json\/wp\/v2\/posts\/127200\/revisions"}],"wp:attachment":[{"href":"https:\/\/linitiative.ca\/International\/wp-json\/wp\/v2\/media?parent=127200"}],"wp:term":[{"taxonomy":"category","embeddable":true,"href":"https:\/\/linitiative.ca\/International\/wp-json\/wp\/v2\/categories?post=127200"},{"taxonomy":"post_tag","embeddable":true,"href":"https:\/\/linitiative.ca\/International\/wp-json\/wp\/v2\/tags?post=127200"}],"curies":[{"name":"wp","href":"https:\/\/api.w.org\/{rel}","templated":true}]}}