{"id":127201,"date":"2021-09-15T14:00:00","date_gmt":"2021-09-15T18:00:00","guid":{"rendered":"https:\/\/linitiative.ca\/International\/labstention-est-mere-de-tous-les-vices\/"},"modified":"2021-09-15T14:00:00","modified_gmt":"2021-09-15T18:00:00","slug":"labstention-est-mere-de-tous-les-vices","status":"publish","type":"post","link":"https:\/\/linitiative.ca\/International\/labstention-est-mere-de-tous-les-vices\/","title":{"rendered":"L\u2019abstention est m\u00e8re de tous les vices"},"content":{"rendered":"<div>\n<p class=\"has-vivid-cyan-blue-color has-text-color\"><strong>Malgr\u00e9 l\u2019am\u00e9lioration du taux de participation, l\u2019abstention aux \u00e9lections du 8 septembre 2021 est rest\u00e9e importante. Un peu moins que la moiti\u00e9 des inscrits sur les listes \u00e9lectorales ne s\u2019est pas d\u00e9plac\u00e9 pour voter.<\/strong><\/p>\n<p class=\"has-black-color has-text-color\">Que l\u2019on se comprenne, si cela n\u2019ob\u00e8re en rien la validit\u00e9 des scrutins pr\u00e9cit\u00e9s, il reste que, dans le contexte de notre processus d\u00e9mocratique m\u00e9andriforme, cette \u00ab\u00a0d\u00e9faillance citoyenne ou expression d\u00e9mocratique\u00a0?\u00a0\u00bb, m\u00e9rite une attention particuli\u00e8re et n\u00e9cessite une prise en charge multiforme de la part de tous les acteurs du champ politique national. Il ne suffit pas d\u2019en parler pendant la p\u00e9riode \u00e9lectorale, mais autant qu\u2019il faut afin que la d\u00e9faillance citoyenne soit mineure par rapport \u00e0 l\u2019expression d\u00e9mocratique participative et responsable.<\/p>\n<p class=\"has-black-color has-text-color\">Quantitativement cela fait, pour les derni\u00e8res \u00e9lections pour le renouvellement des membres de la Chambre des repr\u00e9sentants, des conseils communaux et des conseils r\u00e9gionaux, 8\u00a0847\u00a0362 de marocain(e)s qui se sont retenu(e)s \u00e0 exprimer leur choix dans le cadre du processus d\u00e9mocratique que connait le royaume du Maroc. Ils \u00e9taient plus nombreux \u00e0 le faire lors des \u00e9ch\u00e9ances pr\u00e9c\u00e9dentes.<\/p>\n<p class=\"has-black-color has-text-color\">Qualitativement, et sans pr\u00e9tendre \u00e0 faire \u0153uvre de sociologie politique, on suivra Anne Muxel (2008) en distinguant \u00ab\u00a0les abstentionnistes \u00ab\u00a0dans le jeu politique\u00a0\u00bb et les abstentionnistes \u00ab\u00a0hors du jeu politique\u00a0\u00bb.<\/p>\n<p class=\"has-black-color has-text-color\">Dans le jeu politique, on retrouve les d\u00e9munis, celles et ceux qui souffrent le plus des in\u00e9galit\u00e9s sociales et dont le premier souci est de survivre. Une partie de ces laiss\u00e9s-pour-compte du n\u00e9olib\u00e9ralisme, r\u00e9sistant \u00e0 ses affres et pr\u00e9servant leur dignit\u00e9, n\u2019ira pas voter. D\u00e9ception, ignorance, incapacit\u00e9s de mobilit\u00e9\u2026 et autres causes sont \u00e0 l\u2019origine de cette abstention.\u00a0<\/p>\n<p class=\"has-black-color has-text-color\">\u00e0 cela s\u2019ajoute une grande partie de jeunes qui auraient par leur participation configurer les r\u00e9sultats annonc\u00e9s autrement. Ce\/cette jeune se veut \u00ab\u00a0affranchi des mod\u00e8les d\u2019identification partisane, relativement critique et exigeant \u00e0 l\u2019\u00e9gard de l\u2019offre politique\u00a0\u00bb. Dans un attentisme navrant de conditions d\u00e9mocratiques id\u00e9ales pour enfin participer et investir le jeu politique, ces jeunes se complaisent dans ce r\u00f4le de spectateur devant un \u00e9cran r\u00eavant de zapper compl\u00e9tement en allant voir ailleurs.<\/p>\n<p class=\"has-black-color has-text-color\">Participe aussi \u00e0 cette abstention, une grande partie de la \u00ab\u00a0classe moyenne\u00a0\u00bb, d\u00e9\u00e7ue de la politique et n\u2019y croyant plus. Tout en profitant des avanc\u00e9es du processus d\u00e9mocratique, elle se sent \u00ab\u00a0lasse\u00a0\u00bb par ses m\u00e9andres impos\u00e9s. Elle se sent inutile dans ce \u00ab\u00a0jeu politique\u00a0\u00bb qui ne lui convient pas. Aigrie par ses d\u00e9convenues, elle ressasse ses espoirs non r\u00e9alis\u00e9s dans la transformation de la soci\u00e9t\u00e9 et l\u2019\u00e9tablissement de la justice sociale, la supr\u00e9matie de la loi et le renforcement des libert\u00e9s individuelles et collectives.\u00a0 \u00a0\u00a0<\/p>\n<p class=\"has-black-color has-text-color\">Dans le hors-jeu se retrouvent, aussi peu nombreux qu\u2019ils soient, les h\u00e9ritiers orphelins du nihilisme et de l\u2019aventurisme\u00a0; les blanquistes et les anarchistes de tout bord. Faisant abstraction de la r\u00e9alit\u00e9, et pr\u00e9textant le respect \u00ab\u00a0des principes r\u00e9volutionnaires\u00a0\u00bb, s\u2019alliant avec l\u2019extr\u00eame obscurantiste, ils se comportent en refuznik et trouvent dans l\u2019abstention l\u2019occasion \u00ab\u00a0d\u2019aller \u00e0 la plage\u00a0\u00bb au lieu de contribuer au changement pacifique des rapports socio\u00e9conomiques et politiques dans la soci\u00e9t\u00e9. Des \u00ab\u00a0casseurs\u00a0\u00bb incapables d\u2019assumer leurs choix, \u00e0 moins qu\u2019ils soient en service command\u00e9 pour certains.<\/p>\n<p class=\"has-black-color has-text-color\">Le reste, se donnant un droit de pr\u00e9emption politique sur les autres, regardant toujours et en permanence dans le r\u00e9troviseur, aveugl\u00e9s par leurs ambitions d\u00e9mesur\u00e9es et ill\u00e9gitimes, \u00e9go\u00efstes et hypocrites, ils deviennent les d\u00e9tracteurs attitr\u00e9s des forces vives de la nation, en se terrant et en voulant \u00ab\u00a0manger l\u2019ail de la bouche des autres\u00a0\u00bb. Opportunistes, parfois de gauche, parfois de droite, ils usent de la surench\u00e8re, de l\u2019amalgame et de la diffamation pour se donner une posture.<\/p>\n<p class=\"has-black-color has-text-color\">L\u2019abstention, dans le cadre du contexte marocain, constitue un handicap pour les forces de progr\u00e8s et une faiblesse du changement d\u00e9mocratique. L\u2019\u00e9volution de la d\u00e9cision \u00e9lectorale dans le champ politique national, en ass\u00e9chant toutes les voies de la fraude, en clarifiant autant le discours que les rep\u00e8res du choix \u00e9lectoral et en encourageant une participation engag\u00e9e de la majeure partie de la population \u0153uvrera \u00e0 la consolidation du processus d\u00e9mocratique, \u00e0 l\u2019\u00e9mergence \u00e9conomique du pays et au renforcement de sa r\u00e9silience devant les d\u00e9fis qui lui sont impos\u00e9s. Une forte coh\u00e9sion sociale accompagnera et facilitera la transformation de la soci\u00e9t\u00e9\u00a0; car, l\u2019abstention est m\u00e8re de tous les vices.<\/p>\n<p>L\u2019article <a rel=\"nofollow\" href=\"http:\/\/albayane.press.ma\/labstention-est-mere-de-tous-les-vices.html\">L\u2019abstention est m\u00e8re de tous les vices<\/a> est apparu en premier sur <a rel=\"nofollow\" href=\"http:\/\/albayane.press.ma\/\">ALBAYANE<\/a>.<\/p>\n<\/div>\n<p>Auteur: M&rsquo;hammed rahal<br \/>\n<a href=\"http:\/\/albayane.press.ma\/labstention-est-mere-de-tous-les-vices.html\">Cliquez ici pour lire l&rsquo;article depuis sa source.<\/a><\/p>\n","protected":false},"excerpt":{"rendered":"<p>Malgr\u00e9 l\u2019am\u00e9lioration du taux de participation, l\u2019abstention aux \u00e9lections du 8 septembre 2021 est rest\u00e9e importante. Un peu moins que la moiti\u00e9 des inscrits sur les listes \u00e9lectorales ne s\u2019est pas d\u00e9plac\u00e9 pour voter. Que l\u2019on se comprenne, si cela n\u2019ob\u00e8re en rien la validit\u00e9 des scrutins pr\u00e9cit\u00e9s, il reste que, dans le contexte de [&hellip;]<\/p>\n","protected":false},"author":1760,"featured_media":0,"comment_status":"closed","ping_status":"closed","sticky":false,"template":"","format":"standard","meta":{"fifu_image_url":"","fifu_image_alt":"","footnotes":""},"categories":[73,54],"tags":[],"class_list":["post-127201","post","type-post","status-publish","format-standard","hentry","category-actualite","category-maroc"],"_links":{"self":[{"href":"https:\/\/linitiative.ca\/International\/wp-json\/wp\/v2\/posts\/127201","targetHints":{"allow":["GET"]}}],"collection":[{"href":"https:\/\/linitiative.ca\/International\/wp-json\/wp\/v2\/posts"}],"about":[{"href":"https:\/\/linitiative.ca\/International\/wp-json\/wp\/v2\/types\/post"}],"author":[{"embeddable":true,"href":"https:\/\/linitiative.ca\/International\/wp-json\/wp\/v2\/users\/1760"}],"replies":[{"embeddable":true,"href":"https:\/\/linitiative.ca\/International\/wp-json\/wp\/v2\/comments?post=127201"}],"version-history":[{"count":0,"href":"https:\/\/linitiative.ca\/International\/wp-json\/wp\/v2\/posts\/127201\/revisions"}],"wp:attachment":[{"href":"https:\/\/linitiative.ca\/International\/wp-json\/wp\/v2\/media?parent=127201"}],"wp:term":[{"taxonomy":"category","embeddable":true,"href":"https:\/\/linitiative.ca\/International\/wp-json\/wp\/v2\/categories?post=127201"},{"taxonomy":"post_tag","embeddable":true,"href":"https:\/\/linitiative.ca\/International\/wp-json\/wp\/v2\/tags?post=127201"}],"curies":[{"name":"wp","href":"https:\/\/api.w.org\/{rel}","templated":true}]}}