{"id":127215,"date":"2021-09-16T13:13:28","date_gmt":"2021-09-16T17:13:28","guid":{"rendered":"https:\/\/linitiative.ca\/International\/le-jardin-anima-va-figurer-dans-le-livre-de-stefanie-waldek\/"},"modified":"2021-09-16T13:13:28","modified_gmt":"2021-09-16T17:13:28","slug":"le-jardin-anima-va-figurer-dans-le-livre-de-stefanie-waldek","status":"publish","type":"post","link":"https:\/\/linitiative.ca\/International\/le-jardin-anima-va-figurer-dans-le-livre-de-stefanie-waldek\/","title":{"rendered":"Le Jardin \u00ab\u00a0Anima\u00a0\u00bb va figurer dans le livre de Stefanie Waldek"},"content":{"rendered":"<div>\n<div style=\"margin-bottom:20px;\"><img loading=\"lazy\" decoding=\"async\" width=\"750\" height=\"430\" src=\"https:\/\/linitiative.ca\/International\/wp-content\/uploads\/sites\/23\/2021\/09\/jardinanima-copier.jpg\" class=\"attachment-post-thumbnail size-post-thumbnail wp-post-image\" alt=\"\" srcset=\"https:\/\/linitiative.ca\/International\/wp-content\/uploads\/sites\/23\/2021\/09\/jardinanima-copier.jpg 750w, http:\/\/www.mapmarrakech.ma\/map\/uploads\/2021\/09\/jardinanima-copier-300x172.jpg 300w\" sizes=\"auto, (max-width: 750px) 100vw, 750px\"><\/div>\n<p>Ce livre, dont la sortie est pr\u00e9vue pour le mois d\u2019octobre prochain, pr\u00e9sente 150 jardins incontournables profil\u00e9s par Stefanie Waldek, \u00e9galement r\u00e9dactrice qui \u00e9crit pour le compte de plusieurs magazines tr\u00e8s c\u00e9l\u00e8bres, indique un communiqu\u00e9 de la direction charg\u00e9e de la gestion de ce jardin.<\/p>\n<p>Il s\u2019agit d\u2019une s\u00e9lection des 150 plus merveilleux jardins du monde, dont chacun ayant une histoire unique \u00e0 raconter, r\u00e9put\u00e9s pour leur flore exceptionnelle, leurs designs imaginatifs et leurs lieux inspirants, explique-t-on de m\u00eame source.<\/p>\n<p>Cet opus capture en mots et en images les caract\u00e9ristiques les plus remarquables de ces 150 glorieux espaces verts et \u00e9cologiques.<\/p>\n<p>Le jardin \u00e9cologique \u00ab\u00a0Anima\u00a0\u00bb est devenu en l\u2019espace de quelques ann\u00e9es seulement, une c\u00e9l\u00e8bre attraction touristique de la ville et un des hauts lieux de rencontres de cultures et d\u2019artistes d\u2019horizons divers.<\/p>\n<p>Ce jardin botanique, qui s\u2019\u00e9tend sur plus de 8 hectares se veut donc, un lieu privil\u00e9gi\u00e9 \u00e0 la fois des artistes et de touristes marocains et \u00e9trangers en qu\u00eate de d\u00e9paysement et venus se ressourcer ou d\u00e9couvrir le charme unique de l\u2019un des jardins les plus enchanteurs et les plus mystiques de la cit\u00e9 ocre.<\/p>\n<p>Con\u00e7u et r\u00e9alis\u00e9 par l\u2019artiste \u00e9clectique autrichien Andr\u00e9 Heller, ce mus\u00e9e \u00e0 ciel ouvert est une source de fra\u00eecheur pendant la canicule de l\u2019\u00e9t\u00e9 et un lieu magique invitant \u00e0 la contemplation et \u00e0 l\u2019inspiration pour tous ceux et celles qui souhaitent vivre une exp\u00e9rience inoubliable.<\/p>\n<p>Ce mus\u00e9e vivant, qui a ouvert ses portes aux visiteurs en 2016, rassemble des plantes et des arbres qui caract\u00e9risent la v\u00e9g\u00e9tation abondante et riche du Maroc mais aussi des arbres et des plantes de toutes sortes provenant des quatre coins du monde.<\/p>\n<p>The post <a rel=\"nofollow\" href=\"http:\/\/www.mapmarrakech.ma\/fr\/le-jardin-anima-va-figurer-dans-le-livre-de-stefanie-waldek\/\">Le Jardin \u00ab\u00a0Anima\u00a0\u00bb va figurer dans le livre de Stefanie Waldek<\/a> appeared first on <a rel=\"nofollow\" href=\"http:\/\/www.mapmarrakech.ma\/fr\">MapMarrakech<\/a>.<\/p>\n<\/div>\n<p>Auteur: Meriem IGASS<br \/>\n<a href=\"http:\/\/www.mapmarrakech.ma\/fr\/le-jardin-anima-va-figurer-dans-le-livre-de-stefanie-waldek\/\">Cliquez ici pour lire l&rsquo;article depuis sa source.<\/a><\/p>\n","protected":false},"excerpt":{"rendered":"<p>Ce livre, dont la sortie est pr\u00e9vue pour le mois d\u2019octobre prochain, pr\u00e9sente 150 jardins incontournables profil\u00e9s par Stefanie Waldek, \u00e9galement r\u00e9dactrice qui \u00e9crit pour le compte de plusieurs magazines tr\u00e8s c\u00e9l\u00e8bres, indique un communiqu\u00e9 de la direction charg\u00e9e de la gestion de ce jardin. Il s\u2019agit d\u2019une s\u00e9lection des 150 plus merveilleux jardins du [&hellip;]<\/p>\n","protected":false},"author":1788,"featured_media":0,"comment_status":"closed","ping_status":"closed","sticky":false,"template":"","format":"standard","meta":{"fifu_image_url":"http:\/\/www.mapmarrakech.ma\/map\/uploads\/2021\/09\/jardinanima-copier.jpg","fifu_image_alt":"Le Jardin \u00ab\u00a0Anima\u00a0\u00bb va figurer dans le livre de Stefanie Waldek","footnotes":""},"categories":[54,76],"tags":[],"class_list":["post-127215","post","type-post","status-publish","format-standard","hentry","category-maroc","category-regions"],"_links":{"self":[{"href":"https:\/\/linitiative.ca\/International\/wp-json\/wp\/v2\/posts\/127215","targetHints":{"allow":["GET"]}}],"collection":[{"href":"https:\/\/linitiative.ca\/International\/wp-json\/wp\/v2\/posts"}],"about":[{"href":"https:\/\/linitiative.ca\/International\/wp-json\/wp\/v2\/types\/post"}],"author":[{"embeddable":true,"href":"https:\/\/linitiative.ca\/International\/wp-json\/wp\/v2\/users\/1788"}],"replies":[{"embeddable":true,"href":"https:\/\/linitiative.ca\/International\/wp-json\/wp\/v2\/comments?post=127215"}],"version-history":[{"count":0,"href":"https:\/\/linitiative.ca\/International\/wp-json\/wp\/v2\/posts\/127215\/revisions"}],"wp:attachment":[{"href":"https:\/\/linitiative.ca\/International\/wp-json\/wp\/v2\/media?parent=127215"}],"wp:term":[{"taxonomy":"category","embeddable":true,"href":"https:\/\/linitiative.ca\/International\/wp-json\/wp\/v2\/categories?post=127215"},{"taxonomy":"post_tag","embeddable":true,"href":"https:\/\/linitiative.ca\/International\/wp-json\/wp\/v2\/tags?post=127215"}],"curies":[{"name":"wp","href":"https:\/\/api.w.org\/{rel}","templated":true}]}}