{"id":127217,"date":"2021-09-15T11:37:55","date_gmt":"2021-09-15T15:37:55","guid":{"rendered":"https:\/\/linitiative.ca\/International\/plus-dun-million-deleves-12-17ans-ont-recu-la-premiere-dose-du-vaccin\/"},"modified":"2021-09-15T11:37:55","modified_gmt":"2021-09-15T15:37:55","slug":"plus-dun-million-deleves-12-17ans-ont-recu-la-premiere-dose-du-vaccin","status":"publish","type":"post","link":"https:\/\/linitiative.ca\/International\/plus-dun-million-deleves-12-17ans-ont-recu-la-premiere-dose-du-vaccin\/","title":{"rendered":"Plus d\u2019un million d\u2019\u00e9l\u00e8ves (12-17ans) ont re\u00e7u la premi\u00e8re dose du vaccin"},"content":{"rendered":"<div>\n<div style=\"margin-bottom:20px;\"><img loading=\"lazy\" decoding=\"async\" width=\"750\" height=\"430\" src=\"https:\/\/linitiative.ca\/International\/wp-content\/uploads\/sites\/23\/2021\/09\/OpC3A9ration-de-vaccination-anti-Covid-19-au-profit-des-C3A9lC3A8ves-de-la-tranche-dC3A2ge-12-17-ans-750C397430-MAP.jpg\" class=\"attachment-post-thumbnail size-post-thumbnail wp-post-image\" alt=\"\" srcset=\"https:\/\/linitiative.ca\/International\/wp-content\/uploads\/sites\/23\/2021\/09\/OpC3A9ration-de-vaccination-anti-Covid-19-au-profit-des-C3A9lC3A8ves-de-la-tranche-dC3A2ge-12-17-ans-750C397430-MAP.jpg 750w, http:\/\/www.mapoujda.ma\/map\/uploads\/2021\/09\/Op\u00e9ration-de-vaccination-anti-Covid-19-au-profit-des-\u00e9l\u00e8ves-de-la-tranche-d\u00e2ge-12-17-ans-750\u00d7430-MAP-300x172.jpg 300w\" sizes=\"auto, (max-width: 750px) 100vw, 750px\"><\/div>\n<div>\n<p style=\"text-align: justify;\">Plus d\u2019un million d\u2019\u00e9l\u00e8ves \u00e2g\u00e9s de\u00a012 \u00e0 17ans\u00a0ont re\u00e7u la premi\u00e8re dose du vaccin contre la Covid-19, dans le cadre de la vaste campagne de vaccination ciblant l\u2019enseignement public et priv\u00e9, les \u00e9tablissements d\u2019enseignement traditionnel et les \u00e9coles des missions \u00e9trang\u00e8res.<\/p>\n<p style=\"text-align: justify;\">Selon\u00a0un communiqu\u00e9 conjoint du minist\u00e8re de l\u2019\u00c9ducation nationale, de la Formation professionnelle, de l\u2019Enseignement sup\u00e9rieur et de la Recherche scientifique et du minist\u00e8re de la Sant\u00e9, publi\u00e9 mercredi, quelque 700 vaccinodromes scolaires seront am\u00e9nag\u00e9s au lieu des 419 existants et ce, en coordination avec les autorit\u00e9s territoriales, afin d\u2019acc\u00e9l\u00e9rer le rythme de l\u2019op\u00e9ration nationale de vaccination de cette cat\u00e9gorie d\u2019\u00e9l\u00e8ves.<\/p>\n<p style=\"text-align: justify;\">Cette op\u00e9ration, qui a \u00e9t\u00e9 marqu\u00e9e par une forte affluence des \u00e9l\u00e8ves et leurs parents, se d\u00e9roule dans de \u00ab\u00a0bonnes conditions\u00a0\u00bb et se caract\u00e9rise par \u00ab\u00a0une organisation rigoureuse, ainsi que par la satisfaction et l\u2019assurance quant \u00e0 son atmosph\u00e8re g\u00e9n\u00e9rale positive parmi toutes les personnes concern\u00e9es\u00a0\u00bb, pr\u00e9cise-t-on.<\/p>\n<p style=\"text-align: justify;\">Lanc\u00e9e le 31 ao\u00fbt, cette op\u00e9ration s\u2019inscrit dans la mise en \u0153uvre des recommandations du Comit\u00e9 scientifique en charge de la Strat\u00e9gie nationale de vaccination, ainsi que dans le but d\u2019assurer une rentr\u00e9e scolaire s\u00fbre pour les \u00e9l\u00e8ves et les cadres p\u00e9dagogiques et administratifs, a soulign\u00e9 la m\u00eame source.<\/p>\n<p style=\"text-align: justify;\">Les deux minist\u00e8res ont\u00a0renouvel\u00e9 leur appel aux tuteurs et parents des \u00e9l\u00e8ves \u00e0 s\u2019engager activement dans cette op\u00e9ration importante qui permettra la r\u00e9alisation d\u2019une immunit\u00e9 collective vers le retour \u00e0 une vie normale, ainsi que le d\u00e9marrage effectif des cours \u00e0 la date fix\u00e9e \u00e0 cet effet, soulignant la n\u00e9cessit\u00e9 de continuer \u00e0 respecter les mesures de pr\u00e9caution recommand\u00e9es par les autorit\u00e9s sanitaires.<\/p>\n<\/div>\n<p>L\u2019article <a rel=\"nofollow\" href=\"http:\/\/www.mapoujda.ma\/fr\/plus-dun-million-deleves-12-17ans-ont-recu-la-premiere-dose-du-vaccin\/\">Plus d\u2019un million d\u2019\u00e9l\u00e8ves (12-17ans) ont re\u00e7u la premi\u00e8re dose du vaccin<\/a> est apparu en premier sur <a rel=\"nofollow\" href=\"http:\/\/www.mapoujda.ma\/fr\">MapOujda<\/a>.<\/p>\n<\/div>\n<p>Auteur: Soufiane ELAHMAR<br \/>\n<a href=\"http:\/\/www.mapoujda.ma\/fr\/plus-dun-million-deleves-12-17ans-ont-recu-la-premiere-dose-du-vaccin\/\">Cliquez ici pour lire l&rsquo;article depuis sa source.<\/a><\/p>\n","protected":false},"excerpt":{"rendered":"<p>Plus d\u2019un million d\u2019\u00e9l\u00e8ves \u00e2g\u00e9s de\u00a012 \u00e0 17ans\u00a0ont re\u00e7u la premi\u00e8re dose du vaccin contre la Covid-19, dans le cadre de la vaste campagne de vaccination ciblant l\u2019enseignement public et priv\u00e9, les \u00e9tablissements d\u2019enseignement traditionnel et les \u00e9coles des missions \u00e9trang\u00e8res. Selon\u00a0un communiqu\u00e9 conjoint du minist\u00e8re de l\u2019\u00c9ducation nationale, de la Formation professionnelle, de l\u2019Enseignement [&hellip;]<\/p>\n","protected":false},"author":1788,"featured_media":0,"comment_status":"closed","ping_status":"closed","sticky":false,"template":"","format":"standard","meta":{"fifu_image_url":"http:\/\/www.mapoujda.ma\/map\/uploads\/2021\/09\/Op\u00e9ration-de-vaccination-anti-Covid-19-au-profit-des-\u00e9l\u00e8ves-de-la-tranche-d\u00e2ge-12-17-ans-750\u00d7430-MAP.jpg","fifu_image_alt":"Plus d\u2019un million d\u2019\u00e9l\u00e8ves (12-17ans) ont re\u00e7u la premi\u00e8re dose du vaccin","footnotes":""},"categories":[54,76],"tags":[],"class_list":["post-127217","post","type-post","status-publish","format-standard","hentry","category-maroc","category-regions"],"_links":{"self":[{"href":"https:\/\/linitiative.ca\/International\/wp-json\/wp\/v2\/posts\/127217","targetHints":{"allow":["GET"]}}],"collection":[{"href":"https:\/\/linitiative.ca\/International\/wp-json\/wp\/v2\/posts"}],"about":[{"href":"https:\/\/linitiative.ca\/International\/wp-json\/wp\/v2\/types\/post"}],"author":[{"embeddable":true,"href":"https:\/\/linitiative.ca\/International\/wp-json\/wp\/v2\/users\/1788"}],"replies":[{"embeddable":true,"href":"https:\/\/linitiative.ca\/International\/wp-json\/wp\/v2\/comments?post=127217"}],"version-history":[{"count":0,"href":"https:\/\/linitiative.ca\/International\/wp-json\/wp\/v2\/posts\/127217\/revisions"}],"wp:attachment":[{"href":"https:\/\/linitiative.ca\/International\/wp-json\/wp\/v2\/media?parent=127217"}],"wp:term":[{"taxonomy":"category","embeddable":true,"href":"https:\/\/linitiative.ca\/International\/wp-json\/wp\/v2\/categories?post=127217"},{"taxonomy":"post_tag","embeddable":true,"href":"https:\/\/linitiative.ca\/International\/wp-json\/wp\/v2\/tags?post=127217"}],"curies":[{"name":"wp","href":"https:\/\/api.w.org\/{rel}","templated":true}]}}