{"id":127219,"date":"2021-09-15T12:08:24","date_gmt":"2021-09-15T16:08:24","guid":{"rendered":"https:\/\/linitiative.ca\/International\/sm-le-roi-mohammed-vi-chef-supreme-et-chef-detat-major-general-des-far-nomme-le-general-de-corps-darmee-belkhir-el-farouk-inspecteur-general-des-far-et-commandant-la-zone-sud\/"},"modified":"2021-09-15T12:08:24","modified_gmt":"2021-09-15T16:08:24","slug":"sm-le-roi-mohammed-vi-chef-supreme-et-chef-detat-major-general-des-far-nomme-le-general-de-corps-darmee-belkhir-el-farouk-inspecteur-general-des-far-et-commandant-la-zone-sud","status":"publish","type":"post","link":"https:\/\/linitiative.ca\/International\/sm-le-roi-mohammed-vi-chef-supreme-et-chef-detat-major-general-des-far-nomme-le-general-de-corps-darmee-belkhir-el-farouk-inspecteur-general-des-far-et-commandant-la-zone-sud\/","title":{"rendered":"SM le Roi Mohammed VI, Chef Supr\u00eame et Chef d\u2019\u00c9tat-major G\u00e9n\u00e9ral des FAR nomme le G\u00e9n\u00e9ral de Corps d\u2019Arm\u00e9e, Belkhir El Farouk, Inspecteur G\u00e9n\u00e9ral des FAR et Commandant la Zone Sud"},"content":{"rendered":"<div>\n<div style=\"margin-bottom:20px;\"><img loading=\"lazy\" decoding=\"async\" width=\"750\" height=\"430\" src=\"https:\/\/linitiative.ca\/International\/wp-content\/uploads\/sites\/23\/2021\/09\/SMM-750C397430-1.jpg\" class=\"attachment-post-thumbnail size-post-thumbnail wp-post-image\" alt=\"\" srcset=\"https:\/\/linitiative.ca\/International\/wp-content\/uploads\/sites\/23\/2021\/09\/SMM-750C397430-1.jpg 750w, http:\/\/www.mapoujda.ma\/map\/uploads\/2021\/09\/SMM-750\u00d7430-300x172.jpg 300w\" sizes=\"auto, (max-width: 750px) 100vw, 750px\"><\/div>\n<div>\n<p style=\"text-align: justify;\">SM le Roi Mohammed VI, Chef Supr\u00eame et Chef d\u2019Etat-major G\u00e9n\u00e9ral des Forces Arm\u00e9es Royales, a bien voulu nommer le G\u00e9n\u00e9ral de Corps d\u2019Arm\u00e9e, Belkhir El Farouk, Inspecteur G\u00e9n\u00e9ral des FAR et Commandant la Zone Sud, indique l\u2019\u00c9tat-major G\u00e9n\u00e9ral des FAR dans un communiqu\u00e9.<\/p>\n<p style=\"text-align: justify;\">Durant sa carri\u00e8re professionnelle, le G\u00e9n\u00e9ral de Corps d\u2019Arm\u00e9e, Belkhir El Farouk a occup\u00e9 plusieurs postes militaires importants, avant d\u2019\u00eatre nomm\u00e9 par SM le Roi, que Dieu L\u2019Assiste, Inspecteur de l\u2019Arme de l\u2019Infanterie, puis Commandant la Zone Sud depuis 2017, pr\u00e9cise la m\u00eame source.<\/p>\n<p style=\"text-align: justify;\">\u00ab\u00a0Puisse Dieu pr\u00e9server SM le Roi, Chef Supr\u00eame et Chef d\u2019\u00c9tat-major G\u00e9n\u00e9ral des FAR et combler le Souverain en la personne de SAR le Prince H\u00e9ritier Moulay El Hassan et de l\u2019ensemble de l\u2019illustre Famille Royale\u00a0\u00bb, conclut le communiqu\u00e9.<\/p>\n<\/div>\n<p>L\u2019article <a rel=\"nofollow\" href=\"http:\/\/www.mapoujda.ma\/fr\/sm-le-roi-mohammed-vi-chef-supreme-et-chef-detat-major-general-des-far-nomme-le-general-de-corps-darmee-belkhir-el-farouk-inspecteur-general-des-far\/\">SM le Roi Mohammed VI, Chef Supr\u00eame et Chef d\u2019\u00c9tat-major G\u00e9n\u00e9ral des FAR nomme le G\u00e9n\u00e9ral de Corps d\u2019Arm\u00e9e, Belkhir El Farouk, Inspecteur G\u00e9n\u00e9ral des FAR et Commandant la Zone Sud<\/a> est apparu en premier sur <a rel=\"nofollow\" href=\"http:\/\/www.mapoujda.ma\/fr\">MapOujda<\/a>.<\/p>\n<\/div>\n<p>Auteur: Soufiane ELAHMAR<br \/>\n<a href=\"http:\/\/www.mapoujda.ma\/fr\/sm-le-roi-mohammed-vi-chef-supreme-et-chef-detat-major-general-des-far-nomme-le-general-de-corps-darmee-belkhir-el-farouk-inspecteur-general-des-far\/\">Cliquez ici pour lire l&rsquo;article depuis sa source.<\/a><\/p>\n","protected":false},"excerpt":{"rendered":"<p>SM le Roi Mohammed VI, Chef Supr\u00eame et Chef d\u2019Etat-major G\u00e9n\u00e9ral des Forces Arm\u00e9es Royales, a bien voulu nommer le G\u00e9n\u00e9ral de Corps d\u2019Arm\u00e9e, Belkhir El Farouk, Inspecteur G\u00e9n\u00e9ral des FAR et Commandant la Zone Sud, indique l\u2019\u00c9tat-major G\u00e9n\u00e9ral des FAR dans un communiqu\u00e9. Durant sa carri\u00e8re professionnelle, le G\u00e9n\u00e9ral de Corps d\u2019Arm\u00e9e, Belkhir El [&hellip;]<\/p>\n","protected":false},"author":1788,"featured_media":0,"comment_status":"closed","ping_status":"closed","sticky":false,"template":"","format":"standard","meta":{"fifu_image_url":"http:\/\/www.mapoujda.ma\/map\/uploads\/2021\/09\/SMM-750\u00d7430.jpg","fifu_image_alt":"SM le Roi Mohammed VI, Chef Supr\u00eame et Chef d\u2019\u00c9tat-major G\u00e9n\u00e9ral des FAR nomme le G\u00e9n\u00e9ral de Corps d\u2019Arm\u00e9e, Belkhir El Farouk, Inspecteur G\u00e9n\u00e9ral des FAR et Commandant la Zone Sud","footnotes":""},"categories":[54,76],"tags":[],"class_list":["post-127219","post","type-post","status-publish","format-standard","hentry","category-maroc","category-regions"],"_links":{"self":[{"href":"https:\/\/linitiative.ca\/International\/wp-json\/wp\/v2\/posts\/127219","targetHints":{"allow":["GET"]}}],"collection":[{"href":"https:\/\/linitiative.ca\/International\/wp-json\/wp\/v2\/posts"}],"about":[{"href":"https:\/\/linitiative.ca\/International\/wp-json\/wp\/v2\/types\/post"}],"author":[{"embeddable":true,"href":"https:\/\/linitiative.ca\/International\/wp-json\/wp\/v2\/users\/1788"}],"replies":[{"embeddable":true,"href":"https:\/\/linitiative.ca\/International\/wp-json\/wp\/v2\/comments?post=127219"}],"version-history":[{"count":0,"href":"https:\/\/linitiative.ca\/International\/wp-json\/wp\/v2\/posts\/127219\/revisions"}],"wp:attachment":[{"href":"https:\/\/linitiative.ca\/International\/wp-json\/wp\/v2\/media?parent=127219"}],"wp:term":[{"taxonomy":"category","embeddable":true,"href":"https:\/\/linitiative.ca\/International\/wp-json\/wp\/v2\/categories?post=127219"},{"taxonomy":"post_tag","embeddable":true,"href":"https:\/\/linitiative.ca\/International\/wp-json\/wp\/v2\/tags?post=127219"}],"curies":[{"name":"wp","href":"https:\/\/api.w.org\/{rel}","templated":true}]}}