{"id":127223,"date":"2021-09-16T10:33:42","date_gmt":"2021-09-16T14:33:42","guid":{"rendered":"https:\/\/linitiative.ca\/International\/onda-16-aeroports-certifies-airport-health-accreditation-de-laci\/"},"modified":"2021-09-16T10:33:42","modified_gmt":"2021-09-16T14:33:42","slug":"onda-16-aeroports-certifies-airport-health-accreditation-de-laci","status":"publish","type":"post","link":"https:\/\/linitiative.ca\/International\/onda-16-aeroports-certifies-airport-health-accreditation-de-laci\/","title":{"rendered":"ONDA: 16 a\u00e9roports certifi\u00e9s \u00ab\u00a0Airport Health Accreditation\u00a0\u00bb de l\u2019ACI"},"content":{"rendered":"<div>\n<div style=\"margin-bottom:20px;\"><img loading=\"lazy\" decoding=\"async\" width=\"750\" height=\"430\" src=\"https:\/\/linitiative.ca\/International\/wp-content\/uploads\/sites\/23\/2021\/09\/Mesures-prC3A9ventives-au-aC3A9roport-marocaine-750C397430-MAP.jpg\" class=\"attachment-post-thumbnail size-post-thumbnail wp-post-image\" alt=\"\" srcset=\"https:\/\/linitiative.ca\/International\/wp-content\/uploads\/sites\/23\/2021\/09\/Mesures-prC3A9ventives-au-aC3A9roport-marocaine-750C397430-MAP.jpg 750w, http:\/\/www.mapoujda.ma\/map\/uploads\/2021\/09\/Mesures-pr\u00e9ventives-au-a\u00e9roport-marocaine-750\u00d7430-MAP-300x172.jpg 300w\" sizes=\"auto, (max-width: 750px) 100vw, 750px\"><\/div>\n<p style=\"text-align: justify;\">Un total de 16 a\u00e9roports du Maroc ont re\u00e7u l\u2019accr\u00e9ditation \u00ab\u00a0Airport Health\u00a0\u00bb du Conseil international des A\u00e9roports (ACI), selon l\u2019Office national des a\u00e9roports (ONDA).<\/p>\n<p style=\"text-align: justify;\">Il s\u2019agit de Casablanca\/Mohammed V, Marrakech\/M\u00e9nara, Agadir\/Al Massira, Rabat\/Sal\u00e9, Oujda\/Angads, F\u00e8s\/Sa\u00efs, Tanger\/Ibn Batouta, Ouarzazate, Nador\/El Aroui, Essaouira\/Mogador, Al Hoceima\/Ch\u00e9rif El Idrissi, Errachidia\/Moulay Ali Ch\u00e9rif, T\u00e9touan\/Saniat R\u2019mel, Dakhla, La\u00e2youne\/Hassan 1er, Tan- Tan\/Plage Blanche, pr\u00e9cise l\u2019Office dans un bilan du trafic a\u00e9rien commercial pour la p\u00e9riode allant du 15 juin au 31 ao\u00fbt 2021.<\/p>\n<p style=\"text-align: justify;\">\u00ab\u00a0Cette reconnaissance confirme que les a\u00e9roports du Maroc prennent toutes les pr\u00e9cautions n\u00e9cessaires pour limiter tout risque sanitaire, conform\u00e9ment aux recommandations de l\u2019Organisation de l\u2019Aviation Civile Internationale (OACI) et des \u00ab\u00a0guidelines\u00a0\u00bb du Conseil International des A\u00e9roports (ACI)\u00a0\u00bb, souligne l\u2019Office.<\/p>\n<p style=\"text-align: justify;\">Par ailleurs, l\u2019ONDA rappelle qu\u2019en pr\u00e9paration de la reprise des vols internationaux qui a \u00e9t\u00e9 autoris\u00e9e par les autorit\u00e9s marocaines \u00e0 partir du 15 juin 2021, et pour accompagner le l\u2019op\u00e9ration Marhaba, supervis\u00e9e par la Fondation Mohammed V pour la Solidarit\u00e9, il a mis en place, en collaboration avec ses partenaires a\u00e9roportuaires, un important dispositif pour accueillir les voyageurs dans des a\u00e9roports sains et s\u00fbrs, afin qu\u2019ils puissent \u00e0 nouveau voyager sans souci.<\/p>\n<p style=\"text-align: justify;\">\u00ab\u00a0Tout au long du parcours des passagers, des mesures ont \u00e9t\u00e9 mises en place pour les rassurer\u00a0\u00bb, affirme la m\u00eame source, citant notamment le marquage au sol pour observer la distanciation physique, les distributeurs de gel d\u00e9sinfectant, l\u2019obligation du port du masque, la sensibilisation au respect des gestes barri\u00e8res \u00e0 travers l\u2019affichage et les annonces sonores.<\/p>\n<p style=\"text-align: justify;\">Notons que les a\u00e9roports du Maroc ont enregistr\u00e9, durant la p\u00e9riode allant du 15 juin au 31 ao\u00fbt 2021, un volume de trafic commercial international de 3.560.526 passagers, accueillis \u00e0 travers 31.202 vols internationaux, soit un taux de r\u00e9cup\u00e9ration par rapport \u00e0 la m\u00eame p\u00e9riode de l\u2019ann\u00e9e 2019, de 65% pour les passagers et 77% pour les mouvements.<\/p>\n<p>L\u2019article <a rel=\"nofollow\" href=\"http:\/\/www.mapoujda.ma\/fr\/onda-16-aeroports-certifies-airport-health-accreditation-de-laci\/\">ONDA: 16 a\u00e9roports certifi\u00e9s \u00ab\u00a0Airport Health Accreditation\u00a0\u00bb de l\u2019ACI<\/a> est apparu en premier sur <a rel=\"nofollow\" href=\"http:\/\/www.mapoujda.ma\/fr\">MapOujda<\/a>.<\/p>\n<\/div>\n<p>Auteur: Soufiane ELAHMAR<br \/>\n<a href=\"http:\/\/www.mapoujda.ma\/fr\/onda-16-aeroports-certifies-airport-health-accreditation-de-laci\/\">Cliquez ici pour lire l&rsquo;article depuis sa source.<\/a><\/p>\n","protected":false},"excerpt":{"rendered":"<p>Un total de 16 a\u00e9roports du Maroc ont re\u00e7u l\u2019accr\u00e9ditation \u00ab\u00a0Airport Health\u00a0\u00bb du Conseil international des A\u00e9roports (ACI), selon l\u2019Office national des a\u00e9roports (ONDA). Il s\u2019agit de Casablanca\/Mohammed V, Marrakech\/M\u00e9nara, Agadir\/Al Massira, Rabat\/Sal\u00e9, Oujda\/Angads, F\u00e8s\/Sa\u00efs, Tanger\/Ibn Batouta, Ouarzazate, Nador\/El Aroui, Essaouira\/Mogador, Al Hoceima\/Ch\u00e9rif El Idrissi, Errachidia\/Moulay Ali Ch\u00e9rif, T\u00e9touan\/Saniat R\u2019mel, Dakhla, La\u00e2youne\/Hassan 1er, Tan- Tan\/Plage [&hellip;]<\/p>\n","protected":false},"author":1788,"featured_media":0,"comment_status":"closed","ping_status":"closed","sticky":false,"template":"","format":"standard","meta":{"fifu_image_url":"http:\/\/www.mapoujda.ma\/map\/uploads\/2021\/09\/Mesures-pr\u00e9ventives-au-a\u00e9roport-marocaine-750\u00d7430-MAP.jpg","fifu_image_alt":"ONDA: 16 a\u00e9roports certifi\u00e9s \u00ab\u00a0Airport Health Accreditation\u00a0\u00bb de l\u2019ACI","footnotes":""},"categories":[54,76],"tags":[],"class_list":["post-127223","post","type-post","status-publish","format-standard","hentry","category-maroc","category-regions"],"_links":{"self":[{"href":"https:\/\/linitiative.ca\/International\/wp-json\/wp\/v2\/posts\/127223","targetHints":{"allow":["GET"]}}],"collection":[{"href":"https:\/\/linitiative.ca\/International\/wp-json\/wp\/v2\/posts"}],"about":[{"href":"https:\/\/linitiative.ca\/International\/wp-json\/wp\/v2\/types\/post"}],"author":[{"embeddable":true,"href":"https:\/\/linitiative.ca\/International\/wp-json\/wp\/v2\/users\/1788"}],"replies":[{"embeddable":true,"href":"https:\/\/linitiative.ca\/International\/wp-json\/wp\/v2\/comments?post=127223"}],"version-history":[{"count":0,"href":"https:\/\/linitiative.ca\/International\/wp-json\/wp\/v2\/posts\/127223\/revisions"}],"wp:attachment":[{"href":"https:\/\/linitiative.ca\/International\/wp-json\/wp\/v2\/media?parent=127223"}],"wp:term":[{"taxonomy":"category","embeddable":true,"href":"https:\/\/linitiative.ca\/International\/wp-json\/wp\/v2\/categories?post=127223"},{"taxonomy":"post_tag","embeddable":true,"href":"https:\/\/linitiative.ca\/International\/wp-json\/wp\/v2\/tags?post=127223"}],"curies":[{"name":"wp","href":"https:\/\/api.w.org\/{rel}","templated":true}]}}