{"id":127225,"date":"2021-09-16T08:27:54","date_gmt":"2021-09-16T12:27:54","guid":{"rendered":"https:\/\/linitiative.ca\/International\/region-de-casablanca-settat-maazouz-grand-favori\/"},"modified":"2021-09-16T08:27:54","modified_gmt":"2021-09-16T12:27:54","slug":"region-de-casablanca-settat-maazouz-grand-favori","status":"publish","type":"post","link":"https:\/\/linitiative.ca\/International\/region-de-casablanca-settat-maazouz-grand-favori\/","title":{"rendered":"R\u00e9gion de Casablanca-Settat: Maazouz grand favori"},"content":{"rendered":"<div>\n<div class=\"field field-name-body field-type-text-with-summary field-label-hidden\">\n<div class=\"field-items\">\n<div class=\"field-item even\" property=\"content:encoded\">\n<p class=\"rtejustify\">L&rsquo;Istiqlalien Abdellatif Maazouz, ancien ministre et pr\u00e9sident de l&rsquo;Alliance des \u00e9conomistes istiqlaliens, est pressenti \u00e0 la pr\u00e9sidence de la r\u00e9gion Casablanca-Settat.\u00a0Il \u00e9tait en course avec Fouad Douiri.<\/p>\n<p class=\"rtejustify\">Finalement, le consensus semble se diriger vers la cons\u00e9cration de Maazouz \u00e0 la t\u00eate de cette r\u00e9gion. Cela fait suite \u00e0 l&rsquo;entente sign\u00e9e le 13 septembre entre l&rsquo;Istiqlal, le RNI et le PAM pour le partage des pr\u00e9sidences des Conseils locaux au niveau de cette r\u00e9gion.<\/p>\n<\/div>\n<\/div>\n<\/div>\n<\/div>\n<p>Auteur: mbasraoui<br \/>\n<a href=\"https:\/\/www.leconomiste.com\/flash-infos\/region-de-casablanca-settat-maazouz-grand-favori\">Cliquez ici pour lire l&rsquo;article depuis sa source.<\/a><\/p>\n","protected":false},"excerpt":{"rendered":"<p>L&rsquo;Istiqlalien Abdellatif Maazouz, ancien ministre et pr\u00e9sident de l&rsquo;Alliance des \u00e9conomistes istiqlaliens, est pressenti \u00e0 la pr\u00e9sidence de la r\u00e9gion Casablanca-Settat.\u00a0Il \u00e9tait en course avec Fouad Douiri. Finalement, le consensus semble se diriger vers la cons\u00e9cration de Maazouz \u00e0 la t\u00eate de cette r\u00e9gion. Cela fait suite \u00e0 l&rsquo;entente sign\u00e9e le 13 septembre entre l&rsquo;Istiqlal, [&hellip;]<\/p>\n","protected":false},"author":1763,"featured_media":0,"comment_status":"closed","ping_status":"closed","sticky":false,"template":"","format":"standard","meta":{"fifu_image_url":"","fifu_image_alt":"","footnotes":""},"categories":[78,54],"tags":[],"class_list":["post-127225","post","type-post","status-publish","format-standard","hentry","category-economie","category-maroc"],"_links":{"self":[{"href":"https:\/\/linitiative.ca\/International\/wp-json\/wp\/v2\/posts\/127225","targetHints":{"allow":["GET"]}}],"collection":[{"href":"https:\/\/linitiative.ca\/International\/wp-json\/wp\/v2\/posts"}],"about":[{"href":"https:\/\/linitiative.ca\/International\/wp-json\/wp\/v2\/types\/post"}],"author":[{"embeddable":true,"href":"https:\/\/linitiative.ca\/International\/wp-json\/wp\/v2\/users\/1763"}],"replies":[{"embeddable":true,"href":"https:\/\/linitiative.ca\/International\/wp-json\/wp\/v2\/comments?post=127225"}],"version-history":[{"count":0,"href":"https:\/\/linitiative.ca\/International\/wp-json\/wp\/v2\/posts\/127225\/revisions"}],"wp:attachment":[{"href":"https:\/\/linitiative.ca\/International\/wp-json\/wp\/v2\/media?parent=127225"}],"wp:term":[{"taxonomy":"category","embeddable":true,"href":"https:\/\/linitiative.ca\/International\/wp-json\/wp\/v2\/categories?post=127225"},{"taxonomy":"post_tag","embeddable":true,"href":"https:\/\/linitiative.ca\/International\/wp-json\/wp\/v2\/tags?post=127225"}],"curies":[{"name":"wp","href":"https:\/\/api.w.org\/{rel}","templated":true}]}}