{"id":127233,"date":"2021-09-16T09:36:00","date_gmt":"2021-09-16T13:36:00","guid":{"rendered":"https:\/\/linitiative.ca\/International\/classement-fifa-lalgerie-se-maintien-en-30e-position\/"},"modified":"2021-09-16T09:36:00","modified_gmt":"2021-09-16T13:36:00","slug":"classement-fifa-lalgerie-se-maintien-en-30e-position","status":"publish","type":"post","link":"https:\/\/linitiative.ca\/International\/classement-fifa-lalgerie-se-maintien-en-30e-position\/","title":{"rendered":"Classement Fifa: L&rsquo;Alg\u00e9rie se maintien en 30e position"},"content":{"rendered":"<div>Au classement du mois d&rsquo;ao\u00fbt, l&rsquo;Alg\u00e9rie avait occup\u00e9 la m\u00eame place au niveau mondial et continental&#8230;<img loading=\"lazy\" decoding=\"async\" src=\"http:\/\/feeds.feedburner.com\/~r\/GalerieFArtciles\/~4\/6a-zgjIq8IM\" height=\"1\" width=\"1\" alt=\"\"><\/div>\n<p>Auteur:<br \/>\n<a href=\"http:\/\/www.lebuteur.com\/article\/detail?titre=classement-fifa-lalgerie-se-maintien-en-30e-position&#038;id=101103&#038;utm_source=feedburner&#038;utm_medium=feed&#038;utm_campaign=Feed%3A+GalerieFArtciles+%28Les+derniers+articles++-+lebuteur.com%29\">Cliquez ici pour lire l&rsquo;article depuis sa source.<\/a><\/p>\n","protected":false},"excerpt":{"rendered":"<p>Au classement du mois d&rsquo;ao\u00fbt, l&rsquo;Alg\u00e9rie avait occup\u00e9 la m\u00eame place au niveau mondial et continental&#8230; Auteur: Cliquez ici pour lire l&rsquo;article depuis sa source.<\/p>\n","protected":false},"author":1738,"featured_media":0,"comment_status":"closed","ping_status":"closed","sticky":false,"template":"","format":"standard","meta":{"fifu_image_url":"http:\/\/feeds.feedburner.com\/~r\/GalerieFArtciles\/~4\/6a-zgjIq8IM","fifu_image_alt":"<div>Classement Fifa: L'Alg\u00e9rie se maintien en 30e position<\/div>","footnotes":""},"categories":[53,75],"tags":[],"class_list":["post-127233","post","type-post","status-publish","format-standard","hentry","category-algerie","category-sport"],"_links":{"self":[{"href":"https:\/\/linitiative.ca\/International\/wp-json\/wp\/v2\/posts\/127233","targetHints":{"allow":["GET"]}}],"collection":[{"href":"https:\/\/linitiative.ca\/International\/wp-json\/wp\/v2\/posts"}],"about":[{"href":"https:\/\/linitiative.ca\/International\/wp-json\/wp\/v2\/types\/post"}],"author":[{"embeddable":true,"href":"https:\/\/linitiative.ca\/International\/wp-json\/wp\/v2\/users\/1738"}],"replies":[{"embeddable":true,"href":"https:\/\/linitiative.ca\/International\/wp-json\/wp\/v2\/comments?post=127233"}],"version-history":[{"count":0,"href":"https:\/\/linitiative.ca\/International\/wp-json\/wp\/v2\/posts\/127233\/revisions"}],"wp:attachment":[{"href":"https:\/\/linitiative.ca\/International\/wp-json\/wp\/v2\/media?parent=127233"}],"wp:term":[{"taxonomy":"category","embeddable":true,"href":"https:\/\/linitiative.ca\/International\/wp-json\/wp\/v2\/categories?post=127233"},{"taxonomy":"post_tag","embeddable":true,"href":"https:\/\/linitiative.ca\/International\/wp-json\/wp\/v2\/tags?post=127233"}],"curies":[{"name":"wp","href":"https:\/\/api.w.org\/{rel}","templated":true}]}}