{"id":127235,"date":"2021-09-16T06:35:52","date_gmt":"2021-09-16T10:35:52","guid":{"rendered":"https:\/\/linitiative.ca\/International\/mandat-de-depot-en-cascade-au-tribunal-de-sidi-mhamed\/"},"modified":"2021-09-16T06:35:52","modified_gmt":"2021-09-16T10:35:52","slug":"mandat-de-depot-en-cascade-au-tribunal-de-sidi-mhamed","status":"publish","type":"post","link":"https:\/\/linitiative.ca\/International\/mandat-de-depot-en-cascade-au-tribunal-de-sidi-mhamed\/","title":{"rendered":"Mandat de d\u00e9p\u00f4t en cascade au tribunal de Sidi M\u2019hamed"},"content":{"rendered":"<div>\n<div class=\"sriret\"><img decoding=\"async\" src=\"https:\/\/linitiative.ca\/International\/wp-content\/uploads\/sites\/23\/2021\/09\/default-picture-709x366_c-50.jpg\"><\/div>\n<p>Mohamed Mouloudj a \u00e9t\u00e9 arr\u00eat\u00e9 par des \u00e9l\u00e9ments de la Gendarmerie nationale \u00e0 Tizi Ouzou, dimanche dernier. Son domicile a par la suite \u00e9t\u00e9 perquisitionn\u00e9. Il a \u00e9t\u00e9 pr\u00e9sent\u00e9 devant le procureur mardi, soit 48 heures apr\u00e8s son arrestation, lequel l\u2019a d\u00e9f\u00e9r\u00e9 devant le juge d\u2019instruction le m\u00eame jour. Ce dernier a donc d\u00e9cid\u00e9 de le placer en d\u00e9tention provisoire.<\/p>\n<p>Le journaliste Mohamed Mouloudj, exer\u00e7ant au sein de la r\u00e9daction du quotidien Libert\u00e9, a \u00e9t\u00e9 plac\u00e9 en d\u00e9tention provisoire \u00e0 la prison de Kol\u00e9a (Tipasa), o\u00f9 il a pass\u00e9 hier sa premi\u00e8re nuit. Une d\u00e9cision prise, mardi en fin de journ\u00e9e, par un juge d\u2019instruction pr\u00e8s le tribunal de Sidi M\u2019hamed d\u2019Alger. Selon Libert\u00e9, les chefs d\u2019accusation retenus contre lui sont \u00abappartenance \u00e0 une organisation terroriste visant \u00e0 nuire \u00e0 la s\u00e9curit\u00e9 de l\u2019Etat et atteinte \u00e0 l\u2019unit\u00e9 nationale\u00bb et \u00abdiffusion d\u2019informations ou nouvelles fausses ou calomnieuses susceptibles de porter atteinte \u00e0 la s\u00e9curit\u00e9 ou \u00e0 l\u2019ordre publics\u00bb.<\/p>\n<p>L\u2019article <a rel=\"nofollow\" href=\"https:\/\/www.elwatan.com\/edition\/actualite\/mandat-de-depot-en-cascade-au-tribunal-de-sidi-mhamed-16-09-2021\">Mandat de d\u00e9p\u00f4t en cascade au tribunal de Sidi M\u2019hamed<\/a> est apparu en premier sur <a rel=\"nofollow\" href=\"https:\/\/www.elwatan.com\/\">El Watan<\/a>.<\/p>\n<\/div>\n<p>Auteur: Anis Khecheba<br \/>\n<a href=\"https:\/\/www.elwatan.com\/edition\/actualite\/mandat-de-depot-en-cascade-au-tribunal-de-sidi-mhamed-16-09-2021\">Cliquez ici pour lire l&rsquo;article depuis sa source.<\/a><\/p>\n","protected":false},"excerpt":{"rendered":"<p>Mohamed Mouloudj a \u00e9t\u00e9 arr\u00eat\u00e9 par des \u00e9l\u00e9ments de la Gendarmerie nationale \u00e0 Tizi Ouzou, dimanche dernier. Son domicile a par la suite \u00e9t\u00e9 perquisitionn\u00e9. Il a \u00e9t\u00e9 pr\u00e9sent\u00e9 devant le procureur mardi, soit 48 heures apr\u00e8s son arrestation, lequel l\u2019a d\u00e9f\u00e9r\u00e9 devant le juge d\u2019instruction le m\u00eame jour. Ce dernier a donc d\u00e9cid\u00e9 de [&hellip;]<\/p>\n","protected":false},"author":1743,"featured_media":0,"comment_status":"closed","ping_status":"closed","sticky":false,"template":"","format":"standard","meta":{"fifu_image_url":"https:\/\/www.elwatan.com\/wp-content\/themes\/spectr\/img\/default-picture-709x366_c.jpg","fifu_image_alt":"Mandat de d\u00e9p\u00f4t en cascade au tribunal de Sidi M\u2019hamed","footnotes":""},"categories":[73,53],"tags":[],"class_list":["post-127235","post","type-post","status-publish","format-standard","hentry","category-actualite","category-algerie"],"_links":{"self":[{"href":"https:\/\/linitiative.ca\/International\/wp-json\/wp\/v2\/posts\/127235","targetHints":{"allow":["GET"]}}],"collection":[{"href":"https:\/\/linitiative.ca\/International\/wp-json\/wp\/v2\/posts"}],"about":[{"href":"https:\/\/linitiative.ca\/International\/wp-json\/wp\/v2\/types\/post"}],"author":[{"embeddable":true,"href":"https:\/\/linitiative.ca\/International\/wp-json\/wp\/v2\/users\/1743"}],"replies":[{"embeddable":true,"href":"https:\/\/linitiative.ca\/International\/wp-json\/wp\/v2\/comments?post=127235"}],"version-history":[{"count":0,"href":"https:\/\/linitiative.ca\/International\/wp-json\/wp\/v2\/posts\/127235\/revisions"}],"wp:attachment":[{"href":"https:\/\/linitiative.ca\/International\/wp-json\/wp\/v2\/media?parent=127235"}],"wp:term":[{"taxonomy":"category","embeddable":true,"href":"https:\/\/linitiative.ca\/International\/wp-json\/wp\/v2\/categories?post=127235"},{"taxonomy":"post_tag","embeddable":true,"href":"https:\/\/linitiative.ca\/International\/wp-json\/wp\/v2\/tags?post=127235"}],"curies":[{"name":"wp","href":"https:\/\/api.w.org\/{rel}","templated":true}]}}