{"id":127237,"date":"2021-09-16T06:36:52","date_gmt":"2021-09-16T10:36:52","guid":{"rendered":"https:\/\/linitiative.ca\/International\/bejaia-greve-generale-a-aokas\/"},"modified":"2021-09-16T06:36:52","modified_gmt":"2021-09-16T10:36:52","slug":"bejaia-greve-generale-a-aokas","status":"publish","type":"post","link":"https:\/\/linitiative.ca\/International\/bejaia-greve-generale-a-aokas\/","title":{"rendered":"B\u00e9ja\u00efa : Gr\u00e8ve g\u00e9n\u00e9rale \u00e0 Aokas"},"content":{"rendered":"<div>\n<div class=\"sriret\"><img decoding=\"async\" src=\"https:\/\/linitiative.ca\/International\/wp-content\/uploads\/sites\/23\/2021\/09\/default-picture-709x366_c-51.jpg\"><\/div>\n<p>La cour d\u2019Alger a confirm\u00e9, hier, l\u2019ordre du juge d\u2019instruction du tribunal de Sidi M\u2019hamed du 2 septembre, en pla\u00e7ant Djamel Ikni sous mandat de d\u00e9p\u00f4t.<\/p>\n<p>La population d\u2019Aokas a observ\u00e9, hier, une gr\u00e8ve g\u00e9n\u00e9rale o\u00f9 tous les commerces ont baiss\u00e9 rideau, faisant du chef-lieu une ville morte, en guise de soutien et de solidarit\u00e9 au militant Djamel Ikni, pendant que les avocats d\u00e9fendaient dans la capitale leur appel contre la d\u00e9cision du juge d\u2019instruction du tribunal de Sidi M\u2019hamed de placer l\u2019activiste sous mandat de d\u00e9p\u00f4t.<\/p>\n<p>L\u2019article <a rel=\"nofollow\" href=\"https:\/\/www.elwatan.com\/edition\/actualite\/bejaia-greve-generale-a-aokas-16-09-2021\">B\u00e9ja\u00efa : Gr\u00e8ve g\u00e9n\u00e9rale \u00e0 Aokas<\/a> est apparu en premier sur <a rel=\"nofollow\" href=\"https:\/\/www.elwatan.com\/\">El Watan<\/a>.<\/p>\n<\/div>\n<p>Auteur: Anis Khecheba<br \/>\n<a href=\"https:\/\/www.elwatan.com\/edition\/actualite\/bejaia-greve-generale-a-aokas-16-09-2021\">Cliquez ici pour lire l&rsquo;article depuis sa source.<\/a><\/p>\n","protected":false},"excerpt":{"rendered":"<p>La cour d\u2019Alger a confirm\u00e9, hier, l\u2019ordre du juge d\u2019instruction du tribunal de Sidi M\u2019hamed du 2 septembre, en pla\u00e7ant Djamel Ikni sous mandat de d\u00e9p\u00f4t. La population d\u2019Aokas a observ\u00e9, hier, une gr\u00e8ve g\u00e9n\u00e9rale o\u00f9 tous les commerces ont baiss\u00e9 rideau, faisant du chef-lieu une ville morte, en guise de soutien et de solidarit\u00e9 [&hellip;]<\/p>\n","protected":false},"author":1743,"featured_media":0,"comment_status":"closed","ping_status":"closed","sticky":false,"template":"","format":"standard","meta":{"fifu_image_url":"https:\/\/www.elwatan.com\/wp-content\/themes\/spectr\/img\/default-picture-709x366_c.jpg","fifu_image_alt":"B\u00e9ja\u00efa : Gr\u00e8ve g\u00e9n\u00e9rale \u00e0 Aokas","footnotes":""},"categories":[73,53],"tags":[],"class_list":["post-127237","post","type-post","status-publish","format-standard","hentry","category-actualite","category-algerie"],"_links":{"self":[{"href":"https:\/\/linitiative.ca\/International\/wp-json\/wp\/v2\/posts\/127237","targetHints":{"allow":["GET"]}}],"collection":[{"href":"https:\/\/linitiative.ca\/International\/wp-json\/wp\/v2\/posts"}],"about":[{"href":"https:\/\/linitiative.ca\/International\/wp-json\/wp\/v2\/types\/post"}],"author":[{"embeddable":true,"href":"https:\/\/linitiative.ca\/International\/wp-json\/wp\/v2\/users\/1743"}],"replies":[{"embeddable":true,"href":"https:\/\/linitiative.ca\/International\/wp-json\/wp\/v2\/comments?post=127237"}],"version-history":[{"count":0,"href":"https:\/\/linitiative.ca\/International\/wp-json\/wp\/v2\/posts\/127237\/revisions"}],"wp:attachment":[{"href":"https:\/\/linitiative.ca\/International\/wp-json\/wp\/v2\/media?parent=127237"}],"wp:term":[{"taxonomy":"category","embeddable":true,"href":"https:\/\/linitiative.ca\/International\/wp-json\/wp\/v2\/categories?post=127237"},{"taxonomy":"post_tag","embeddable":true,"href":"https:\/\/linitiative.ca\/International\/wp-json\/wp\/v2\/tags?post=127237"}],"curies":[{"name":"wp","href":"https:\/\/api.w.org\/{rel}","templated":true}]}}