{"id":127239,"date":"2021-09-16T06:37:08","date_gmt":"2021-09-16T10:37:08","guid":{"rendered":"https:\/\/linitiative.ca\/International\/le-snapap-appelle-a-une-greve-generale-en-octobre-prochain\/"},"modified":"2021-09-16T06:37:08","modified_gmt":"2021-09-16T10:37:08","slug":"le-snapap-appelle-a-une-greve-generale-en-octobre-prochain","status":"publish","type":"post","link":"https:\/\/linitiative.ca\/International\/le-snapap-appelle-a-une-greve-generale-en-octobre-prochain\/","title":{"rendered":"Le SNAPAP appelle \u00e0 une \u00abgr\u00e8ve g\u00e9n\u00e9rale\u00bb en octobre prochain"},"content":{"rendered":"<div>\n<div class=\"sriret\"><img decoding=\"async\" src=\"https:\/\/linitiative.ca\/International\/wp-content\/uploads\/sites\/23\/2021\/09\/default-picture-709x366_c-52.jpg\"><\/div>\n<p>Le Syndicat national autonome des personnels de l\u2019administration publique (Snapap) a appel\u00e9, hier, \u00e0 une \u00abgr\u00e8ve g\u00e9n\u00e9rale nationale dans tous les secteurs de la Fonction publique\u00bb pour le mois d\u2019octobre prochain afin de \u00abd\u00e9fendre la dignit\u00e9 des travailleurs et leurs droits et pour pr\u00e9server leur niveau de vie face \u00e0 la d\u00e9gradation inqui\u00e9tante du pouvoir d\u2019achat\u00bb, a indiqu\u00e9 un communiqu\u00e9 sign\u00e9 de son SG, Belkacem Felfoul.<\/p>\n<p>D\u2019habitude plus conciliante, l\u2019aile du Snapap men\u00e9e par Felfoul appelle \u00e0 une bipartite (gouvernement-syndicat) pour discuter des sujets \u00abd\u00e9licats\u00bb, \u00e0 l\u2019instar du pouvoir d\u2019achat, de la retraite, du financement de la Caisse de retraite (CNR).<\/p>\n<p>Rendant publique une \u00e9tude sur les salaires, le syndicat pr\u00e9cise que le salaire de base de l\u2019Alg\u00e9rien ne doit pas baisser sous la barre des 50 000 DA. Il appelle, entre autres, \u00e0 \u00abr\u00e9viser\u00bb la politique salariale nationale en augmentant le point indiciaire (de 45 \u00e0 90\u00a0DA). N. Id.<\/p>\n<p>L\u2019article <a rel=\"nofollow\" href=\"https:\/\/www.elwatan.com\/edition\/actualite\/le-snapap-appelle-a-une-greve-generale-en-octobre-prochain-16-09-2021\">Le SNAPAP appelle \u00e0 une \u00abgr\u00e8ve g\u00e9n\u00e9rale\u00bb en octobre prochain<\/a> est apparu en premier sur <a rel=\"nofollow\" href=\"https:\/\/www.elwatan.com\/\">El Watan<\/a>.<\/p>\n<\/div>\n<p>Auteur: Anis Khecheba<br \/>\n<a href=\"https:\/\/www.elwatan.com\/edition\/actualite\/le-snapap-appelle-a-une-greve-generale-en-octobre-prochain-16-09-2021\">Cliquez ici pour lire l&rsquo;article depuis sa source.<\/a><\/p>\n","protected":false},"excerpt":{"rendered":"<p>Le Syndicat national autonome des personnels de l\u2019administration publique (Snapap) a appel\u00e9, hier, \u00e0 une \u00abgr\u00e8ve g\u00e9n\u00e9rale nationale dans tous les secteurs de la Fonction publique\u00bb pour le mois d\u2019octobre prochain afin de \u00abd\u00e9fendre la dignit\u00e9 des travailleurs et leurs droits et pour pr\u00e9server leur niveau de vie face \u00e0 la d\u00e9gradation inqui\u00e9tante du pouvoir [&hellip;]<\/p>\n","protected":false},"author":1743,"featured_media":0,"comment_status":"closed","ping_status":"closed","sticky":false,"template":"","format":"standard","meta":{"fifu_image_url":"https:\/\/www.elwatan.com\/wp-content\/themes\/spectr\/img\/default-picture-709x366_c.jpg","fifu_image_alt":"Le SNAPAP appelle \u00e0 une \u00abgr\u00e8ve g\u00e9n\u00e9rale\u00bb en octobre prochain","footnotes":""},"categories":[73,53],"tags":[],"class_list":["post-127239","post","type-post","status-publish","format-standard","hentry","category-actualite","category-algerie"],"_links":{"self":[{"href":"https:\/\/linitiative.ca\/International\/wp-json\/wp\/v2\/posts\/127239","targetHints":{"allow":["GET"]}}],"collection":[{"href":"https:\/\/linitiative.ca\/International\/wp-json\/wp\/v2\/posts"}],"about":[{"href":"https:\/\/linitiative.ca\/International\/wp-json\/wp\/v2\/types\/post"}],"author":[{"embeddable":true,"href":"https:\/\/linitiative.ca\/International\/wp-json\/wp\/v2\/users\/1743"}],"replies":[{"embeddable":true,"href":"https:\/\/linitiative.ca\/International\/wp-json\/wp\/v2\/comments?post=127239"}],"version-history":[{"count":0,"href":"https:\/\/linitiative.ca\/International\/wp-json\/wp\/v2\/posts\/127239\/revisions"}],"wp:attachment":[{"href":"https:\/\/linitiative.ca\/International\/wp-json\/wp\/v2\/media?parent=127239"}],"wp:term":[{"taxonomy":"category","embeddable":true,"href":"https:\/\/linitiative.ca\/International\/wp-json\/wp\/v2\/categories?post=127239"},{"taxonomy":"post_tag","embeddable":true,"href":"https:\/\/linitiative.ca\/International\/wp-json\/wp\/v2\/tags?post=127239"}],"curies":[{"name":"wp","href":"https:\/\/api.w.org\/{rel}","templated":true}]}}