{"id":127241,"date":"2021-09-16T06:38:30","date_gmt":"2021-09-16T10:38:30","guid":{"rendered":"https:\/\/linitiative.ca\/International\/les-syndicats-haussent-le-ton\/"},"modified":"2021-09-16T06:38:30","modified_gmt":"2021-09-16T10:38:30","slug":"les-syndicats-haussent-le-ton","status":"publish","type":"post","link":"https:\/\/linitiative.ca\/International\/les-syndicats-haussent-le-ton\/","title":{"rendered":"Les syndicats haussent le ton"},"content":{"rendered":"<div>\n<div class=\"sriret\"><img decoding=\"async\" src=\"https:\/\/linitiative.ca\/International\/wp-content\/uploads\/sites\/23\/2021\/09\/default-picture-709x366_c-53.jpg\"><\/div>\n<p>Appelant \u00e0 mettre en place un observateur national du pouvoir d\u2019achat, les signataires du communiqu\u00e9 pointent la \u00abhausse exag\u00e9r\u00e9e\u00bb des prix de tous les produits, principalement ceux de large consommation, et la stagnation des salaires depuis des ann\u00e9es \u00abalors que l\u2019inflation a augment\u00e9 et le dinar s\u2019est d\u00e9pr\u00e9ci\u00e9\u00bb.<\/p>\n<p>Turbulences en vue dans la Fonction publique. La Conf\u00e9d\u00e9ration des syndicats alg\u00e9riens (CSA) menace de recourir \u00e0 toutes les actions de protestation \u00abl\u00e9gales et pacifiques\u00bb pour amener le gouvernement \u00e0 r\u00e9pondre favorablement aux revendications des travailleurs li\u00e9es principalement au pouvoir d\u2019achat.<\/p>\n<p>\u00abEu \u00e9gard \u00e0 la dangerosit\u00e9 de la situation sociale inacceptable que vivent actuellement les travailleurs, la Conf\u00e9d\u00e9ration est tenue d\u2019assumer sa responsabilit\u00e9 syndicale et morale en recourant \u00e0 toutes les formes d\u2019actions de protestation l\u00e9gales et pacifiques pour amener le gouvernement \u00e0 prendre des mesures ad\u00e9quates et rapides en vue d\u2019am\u00e9liorer le pouvoir d\u2019achat des travailleurs et des fonctionnaires\u00bb, annonce un communiqu\u00e9 rendu public par la CSA, \u00e0 l\u2019issue de la r\u00e9union de son bureau tenue le 13 septembre au si\u00e8ge du Conseil national autonome du personnel enseignant du secteur ternaire de l\u2019\u00e9ducation (Cnapeste) \u00e0 Alger.<\/p>\n<p>L\u2019article <a rel=\"nofollow\" href=\"https:\/\/www.elwatan.com\/edition\/actualite\/les-syndicats-haussent-le-ton-5-16-09-2021\">Les syndicats haussent le ton<\/a> est apparu en premier sur <a rel=\"nofollow\" href=\"https:\/\/www.elwatan.com\/\">El Watan<\/a>.<\/p>\n<\/div>\n<p>Auteur: Anis Khecheba<br \/>\n<a href=\"https:\/\/www.elwatan.com\/edition\/actualite\/les-syndicats-haussent-le-ton-5-16-09-2021\">Cliquez ici pour lire l&rsquo;article depuis sa source.<\/a><\/p>\n","protected":false},"excerpt":{"rendered":"<p>Appelant \u00e0 mettre en place un observateur national du pouvoir d\u2019achat, les signataires du communiqu\u00e9 pointent la \u00abhausse exag\u00e9r\u00e9e\u00bb des prix de tous les produits, principalement ceux de large consommation, et la stagnation des salaires depuis des ann\u00e9es \u00abalors que l\u2019inflation a augment\u00e9 et le dinar s\u2019est d\u00e9pr\u00e9ci\u00e9\u00bb. Turbulences en vue dans la Fonction publique. [&hellip;]<\/p>\n","protected":false},"author":1743,"featured_media":0,"comment_status":"closed","ping_status":"closed","sticky":false,"template":"","format":"standard","meta":{"fifu_image_url":"https:\/\/www.elwatan.com\/wp-content\/themes\/spectr\/img\/default-picture-709x366_c.jpg","fifu_image_alt":"Les syndicats haussent le ton","footnotes":""},"categories":[73,53],"tags":[],"class_list":["post-127241","post","type-post","status-publish","format-standard","hentry","category-actualite","category-algerie"],"_links":{"self":[{"href":"https:\/\/linitiative.ca\/International\/wp-json\/wp\/v2\/posts\/127241","targetHints":{"allow":["GET"]}}],"collection":[{"href":"https:\/\/linitiative.ca\/International\/wp-json\/wp\/v2\/posts"}],"about":[{"href":"https:\/\/linitiative.ca\/International\/wp-json\/wp\/v2\/types\/post"}],"author":[{"embeddable":true,"href":"https:\/\/linitiative.ca\/International\/wp-json\/wp\/v2\/users\/1743"}],"replies":[{"embeddable":true,"href":"https:\/\/linitiative.ca\/International\/wp-json\/wp\/v2\/comments?post=127241"}],"version-history":[{"count":0,"href":"https:\/\/linitiative.ca\/International\/wp-json\/wp\/v2\/posts\/127241\/revisions"}],"wp:attachment":[{"href":"https:\/\/linitiative.ca\/International\/wp-json\/wp\/v2\/media?parent=127241"}],"wp:term":[{"taxonomy":"category","embeddable":true,"href":"https:\/\/linitiative.ca\/International\/wp-json\/wp\/v2\/categories?post=127241"},{"taxonomy":"post_tag","embeddable":true,"href":"https:\/\/linitiative.ca\/International\/wp-json\/wp\/v2\/tags?post=127241"}],"curies":[{"name":"wp","href":"https:\/\/api.w.org\/{rel}","templated":true}]}}