{"id":127243,"date":"2021-09-16T09:29:06","date_gmt":"2021-09-16T13:29:06","guid":{"rendered":"https:\/\/linitiative.ca\/International\/proces-de-lancien-patron-de-la-securite-interieure-20-ans-de-reclusion-requise-contre-bouazza\/"},"modified":"2021-09-16T09:29:06","modified_gmt":"2021-09-16T13:29:06","slug":"proces-de-lancien-patron-de-la-securite-interieure-20-ans-de-reclusion-requise-contre-bouazza","status":"publish","type":"post","link":"https:\/\/linitiative.ca\/International\/proces-de-lancien-patron-de-la-securite-interieure-20-ans-de-reclusion-requise-contre-bouazza\/","title":{"rendered":"Proc\u00e8s de l\u2019ancien patron de la s\u00e9curit\u00e9 int\u00e9rieure : 20 ans de r\u00e9clusion requise contre Bouazza"},"content":{"rendered":"<div>\n<div class=\"sriret\"><img decoding=\"async\" src=\"https:\/\/linitiative.ca\/International\/wp-content\/uploads\/sites\/23\/2021\/09\/default-picture-709x366_c-54.jpg\"><\/div>\n<p>Une peine de 20 ans de r\u00e9clusion criminelle a \u00e9t\u00e9 requise aujourd\u2019hui jeudi 16 septembre \u00e0\u00a0 la cour d\u2019appel militaire de Blida, contre l\u2019ex-patron de la s\u00e9curit\u00e9 int\u00e9rieure, le G\u00e9n\u00e9ral Wassini Bouazza, d\u00e9grad\u00e9 depuis quelques mois au rang de djoundi par mesure disciplinaire.<\/p>\n<p>L\u2019homme fort et bras droit du d\u00e9funt chef d\u2019Etat-Major de l\u2019ANP, Ahmed Gaid Salah, comparaissait depuis hier, avec plusieurs de ses anciens collaborateurs, tous des officiers des services de s\u00e9curit\u00e9 int\u00e9rieure et de l\u2019arm\u00e9e pour avoir interf\u00e9r\u00e9 dans le processus \u00e9lectoral pr\u00e9sidentiel du 12 d\u00e9cembre 2019. Il avait \u00e9t\u00e9 condamn\u00e9 en premi\u00e8re instance \u00e0 une peine de 16 ans de r\u00e9clusion criminelle alors que ses co-accus\u00e9s ont \u00e9cop\u00e9 de peines allant de 8 \u00e0 15 ans de r\u00e9clusion. Six des 13 t\u00e9moins, des officiers de longues carri\u00e8res, ont vu leur statut basculer \u00e0 celui d\u2019accus\u00e9s, plac\u00e9s sous mandat de d\u00e9p\u00f4t \u00e0 l\u2018audience. Ils ont \u00e9t\u00e9 entendus aujourd\u2019hui en tant que t\u00e9moins en attendant que leur affaire, actuelllement en instruction, soit cl\u00f4tur\u00e9e et renvoy\u00e9e devant le tribunal militaire.<br \/>\nApr\u00e8s une journ\u00e9e d\u2019audition, qui s\u2019est termin\u00e9e tard mercredi, aujourd\u2019hui, l\u2019audience a \u00e9t\u00e9 consacr\u00e9e au r\u00e9quisitoire du procureur g\u00e9n\u00e9ral de la cour d\u2019appel, lequel a r\u00e9clam\u00e9 une peine de 20 ans de r\u00e9clusion contre l\u2019ensemble des accus\u00e9s. Les plaidoiries de la d\u00e9fense se poursuivent toujours et le verdict pourrait tomber tr\u00e8s tard dans la soir\u00e9e.<\/p>\n<p>L\u2019article <a rel=\"nofollow\" href=\"https:\/\/www.elwatan.com\/a-la-une\/proces-de-lancien-patron-de-la-securite-interieure-20-ans-de-reclusion-requise-contre-bouazza-16-09-2021\">Proc\u00e8s de l\u2019ancien patron de la s\u00e9curit\u00e9 int\u00e9rieure : 20 ans de r\u00e9clusion requise contre Bouazza<\/a> est apparu en premier sur <a rel=\"nofollow\" href=\"https:\/\/www.elwatan.com\/\">El Watan<\/a>.<\/p>\n<\/div>\n<p>Auteur: Abdelghani Aichoun<br \/>\n<a href=\"https:\/\/www.elwatan.com\/a-la-une\/proces-de-lancien-patron-de-la-securite-interieure-20-ans-de-reclusion-requise-contre-bouazza-16-09-2021\">Cliquez ici pour lire l&rsquo;article depuis sa source.<\/a><\/p>\n","protected":false},"excerpt":{"rendered":"<p>Une peine de 20 ans de r\u00e9clusion criminelle a \u00e9t\u00e9 requise aujourd\u2019hui jeudi 16 septembre \u00e0\u00a0 la cour d\u2019appel militaire de Blida, contre l\u2019ex-patron de la s\u00e9curit\u00e9 int\u00e9rieure, le G\u00e9n\u00e9ral Wassini Bouazza, d\u00e9grad\u00e9 depuis quelques mois au rang de djoundi par mesure disciplinaire. L\u2019homme fort et bras droit du d\u00e9funt chef d\u2019Etat-Major de l\u2019ANP, Ahmed [&hellip;]<\/p>\n","protected":false},"author":1743,"featured_media":0,"comment_status":"closed","ping_status":"closed","sticky":false,"template":"","format":"standard","meta":{"fifu_image_url":"https:\/\/www.elwatan.com\/wp-content\/themes\/spectr\/img\/default-picture-709x366_c.jpg","fifu_image_alt":"Proc\u00e8s de l\u2019ancien patron de la s\u00e9curit\u00e9 int\u00e9rieure : 20 ans de r\u00e9clusion requise contre Bouazza","footnotes":""},"categories":[73,53],"tags":[],"class_list":["post-127243","post","type-post","status-publish","format-standard","hentry","category-actualite","category-algerie"],"_links":{"self":[{"href":"https:\/\/linitiative.ca\/International\/wp-json\/wp\/v2\/posts\/127243","targetHints":{"allow":["GET"]}}],"collection":[{"href":"https:\/\/linitiative.ca\/International\/wp-json\/wp\/v2\/posts"}],"about":[{"href":"https:\/\/linitiative.ca\/International\/wp-json\/wp\/v2\/types\/post"}],"author":[{"embeddable":true,"href":"https:\/\/linitiative.ca\/International\/wp-json\/wp\/v2\/users\/1743"}],"replies":[{"embeddable":true,"href":"https:\/\/linitiative.ca\/International\/wp-json\/wp\/v2\/comments?post=127243"}],"version-history":[{"count":0,"href":"https:\/\/linitiative.ca\/International\/wp-json\/wp\/v2\/posts\/127243\/revisions"}],"wp:attachment":[{"href":"https:\/\/linitiative.ca\/International\/wp-json\/wp\/v2\/media?parent=127243"}],"wp:term":[{"taxonomy":"category","embeddable":true,"href":"https:\/\/linitiative.ca\/International\/wp-json\/wp\/v2\/categories?post=127243"},{"taxonomy":"post_tag","embeddable":true,"href":"https:\/\/linitiative.ca\/International\/wp-json\/wp\/v2\/tags?post=127243"}],"curies":[{"name":"wp","href":"https:\/\/api.w.org\/{rel}","templated":true}]}}