{"id":127247,"date":"2021-09-16T05:36:00","date_gmt":"2021-09-16T09:36:00","guid":{"rendered":"https:\/\/linitiative.ca\/International\/les-assignations-a-la-residence-surveillee-et-les-restrictions-de-voyage-les-inquietudes-de-latnu\/"},"modified":"2021-09-16T05:36:00","modified_gmt":"2021-09-16T09:36:00","slug":"les-assignations-a-la-residence-surveillee-et-les-restrictions-de-voyage-les-inquietudes-de-latnu","status":"publish","type":"post","link":"https:\/\/linitiative.ca\/International\/les-assignations-a-la-residence-surveillee-et-les-restrictions-de-voyage-les-inquietudes-de-latnu\/","title":{"rendered":"Les assignations \u00e0 la r\u00e9sidence surveill\u00e9e et les restrictions de voyage: les inqui\u00e9tudes de l&rsquo;ATNU"},"content":{"rendered":"<div><img decoding=\"async\" src=\"https:\/\/linitiative.ca\/International\/wp-content\/uploads\/sites\/23\/2021\/09\/1631791340_article.jpg\" alt=\"Les assignations \u00e0 la r\u00e9sidence surveill\u00e9e et les restrictions de voyage: les inqui\u00e9tudes de l\" atnu align=\"left\">L\u2019Association tunisienne pour les Nations unies (ATNU), qui \u0153uvre afin de promouvoir les principes et les buts consacr\u00e9s dans la Charte des Nations Unies, suit avec le plus grand int\u00e9r\u00eat la situation pr\u00e9valant depuis le 25 juillet, date \u00e0 laquelle le pr\u00e9sident de la R\u00e9publique a pris la d\u00e9cision de suspendre provisoirement l\u2019application des r\u00e8gles qui r\u00e9gissent ordinairement l\u2019organisation et le fonctionnement des pouvoirs publics en invoquant l\u2019article 80 de la Constitution relatif au \u00ab p\u00e9ril imminent mena\u00e7ant l\u2019int\u00e9grit\u00e9 nationale, la s\u00e9curit\u00e9 ou l\u2019ind\u00e9pendance du pays et entravant le fonctionnement r\u00e9gulier des pouvoirs publics \u00bb , avec pour cons\u00e9quence &#8230;<\/p>\n<\/div>\n<p>Auteur:<br \/>\n<a href=\"https:\/\/www.leaders.com.tn\/article\/32418-les-assignations-a-la-residence-surveillee-et-les-restrictions-de-voyage-les-inquietudes-de-l-atnu\">Cliquez ici pour lire l&rsquo;article depuis sa source.<\/a><\/p>\n","protected":false},"excerpt":{"rendered":"<p>L\u2019Association tunisienne pour les Nations unies (ATNU), qui \u0153uvre afin de promouvoir les principes et les buts consacr\u00e9s dans la Charte des Nations Unies, suit avec le plus grand int\u00e9r\u00eat la situation pr\u00e9valant depuis le 25 juillet, date \u00e0 laquelle le pr\u00e9sident de la R\u00e9publique a pris la d\u00e9cision de suspendre provisoirement l\u2019application des r\u00e8gles [&hellip;]<\/p>\n","protected":false},"author":1772,"featured_media":0,"comment_status":"closed","ping_status":"closed","sticky":false,"template":"","format":"standard","meta":{"fifu_image_url":"http:\/\/www.leaders.com.tn\/uploads\/content\/thumbnails_small\/1631791340_article.jpg","fifu_image_alt":"<div>Les assignations \u00e0 la r\u00e9sidence surveill\u00e9e et les restrictions de voyage: les inqui\u00e9tudes de l'ATNU<\/div>","footnotes":""},"categories":[73,55],"tags":[],"class_list":["post-127247","post","type-post","status-publish","format-standard","hentry","category-actualite","category-tunisie"],"_links":{"self":[{"href":"https:\/\/linitiative.ca\/International\/wp-json\/wp\/v2\/posts\/127247","targetHints":{"allow":["GET"]}}],"collection":[{"href":"https:\/\/linitiative.ca\/International\/wp-json\/wp\/v2\/posts"}],"about":[{"href":"https:\/\/linitiative.ca\/International\/wp-json\/wp\/v2\/types\/post"}],"author":[{"embeddable":true,"href":"https:\/\/linitiative.ca\/International\/wp-json\/wp\/v2\/users\/1772"}],"replies":[{"embeddable":true,"href":"https:\/\/linitiative.ca\/International\/wp-json\/wp\/v2\/comments?post=127247"}],"version-history":[{"count":0,"href":"https:\/\/linitiative.ca\/International\/wp-json\/wp\/v2\/posts\/127247\/revisions"}],"wp:attachment":[{"href":"https:\/\/linitiative.ca\/International\/wp-json\/wp\/v2\/media?parent=127247"}],"wp:term":[{"taxonomy":"category","embeddable":true,"href":"https:\/\/linitiative.ca\/International\/wp-json\/wp\/v2\/categories?post=127247"},{"taxonomy":"post_tag","embeddable":true,"href":"https:\/\/linitiative.ca\/International\/wp-json\/wp\/v2\/tags?post=127247"}],"curies":[{"name":"wp","href":"https:\/\/api.w.org\/{rel}","templated":true}]}}