{"id":127253,"date":"2021-09-16T06:00:00","date_gmt":"2021-09-16T10:00:00","guid":{"rendered":"https:\/\/linitiative.ca\/International\/pour-une-commission-de-suivi-des-projets\/"},"modified":"2021-09-16T06:00:00","modified_gmt":"2021-09-16T10:00:00","slug":"pour-une-commission-de-suivi-des-projets","status":"publish","type":"post","link":"https:\/\/linitiative.ca\/International\/pour-une-commission-de-suivi-des-projets\/","title":{"rendered":"Pour une commission de suivi des projets"},"content":{"rendered":"<div>Lors des d\u00e9bats autour du plan d\u2019action du gouvernement qui se sont poursuivis, hier mercredi dans leur troisi\u00e8me jour, des d\u00e9put\u00e9s ont fait le plaidoyer pour une commission minist\u00e9rielle charg\u00e9e du suivi de la mise en \u0153uvre de ce plan qui<\/div>\n<p>Auteur:<br \/>\n<a href=\"https:\/\/www.lesoirdalgerie.com\/actualites\/pour-une-commission-de-suivi-des-projets-67588\">Cliquez ici pour lire l&rsquo;article depuis sa source.<\/a><\/p>\n","protected":false},"excerpt":{"rendered":"<p>Lors des d\u00e9bats autour du plan d\u2019action du gouvernement qui se sont poursuivis, hier mercredi dans leur troisi\u00e8me jour, des d\u00e9put\u00e9s ont fait le plaidoyer pour une commission minist\u00e9rielle charg\u00e9e du suivi de la mise en \u0153uvre de ce plan qui Auteur: Cliquez ici pour lire l&rsquo;article depuis sa source.<\/p>\n","protected":false},"author":1741,"featured_media":0,"comment_status":"closed","ping_status":"closed","sticky":false,"template":"","format":"standard","meta":{"fifu_image_url":"","fifu_image_alt":"","footnotes":""},"categories":[73,53],"tags":[],"class_list":["post-127253","post","type-post","status-publish","format-standard","hentry","category-actualite","category-algerie"],"_links":{"self":[{"href":"https:\/\/linitiative.ca\/International\/wp-json\/wp\/v2\/posts\/127253","targetHints":{"allow":["GET"]}}],"collection":[{"href":"https:\/\/linitiative.ca\/International\/wp-json\/wp\/v2\/posts"}],"about":[{"href":"https:\/\/linitiative.ca\/International\/wp-json\/wp\/v2\/types\/post"}],"author":[{"embeddable":true,"href":"https:\/\/linitiative.ca\/International\/wp-json\/wp\/v2\/users\/1741"}],"replies":[{"embeddable":true,"href":"https:\/\/linitiative.ca\/International\/wp-json\/wp\/v2\/comments?post=127253"}],"version-history":[{"count":0,"href":"https:\/\/linitiative.ca\/International\/wp-json\/wp\/v2\/posts\/127253\/revisions"}],"wp:attachment":[{"href":"https:\/\/linitiative.ca\/International\/wp-json\/wp\/v2\/media?parent=127253"}],"wp:term":[{"taxonomy":"category","embeddable":true,"href":"https:\/\/linitiative.ca\/International\/wp-json\/wp\/v2\/categories?post=127253"},{"taxonomy":"post_tag","embeddable":true,"href":"https:\/\/linitiative.ca\/International\/wp-json\/wp\/v2\/tags?post=127253"}],"curies":[{"name":"wp","href":"https:\/\/api.w.org\/{rel}","templated":true}]}}