{"id":127254,"date":"2021-09-16T06:00:00","date_gmt":"2021-09-16T10:00:00","guid":{"rendered":"https:\/\/linitiative.ca\/International\/les-dessous-dune-flambee\/"},"modified":"2021-09-16T06:00:00","modified_gmt":"2021-09-16T10:00:00","slug":"les-dessous-dune-flambee","status":"publish","type":"post","link":"https:\/\/linitiative.ca\/International\/les-dessous-dune-flambee\/","title":{"rendered":"Les dessous d\u2019une flamb\u00e9e"},"content":{"rendered":"<div>\u00c7a flambe de partout en cet \u00e9t\u00e9 qui tire vers sa fin. Les temp\u00e9ratures sont caniculaires mais il fait \u00e9galement tr\u00e8s chaud sur les \u00e9tals des march\u00e9s et dans les rayons des \u00e9piceries et sup\u00e9rettes. Les prix des produits alimentaires et autres marchandises sont en perp\u00e9tuelle hausse. Une flamb\u00e9e qui n\u2019arr\u00eate pas<\/div>\n<p>Auteur:<br \/>\n<a href=\"https:\/\/www.lesoirdalgerie.com\/actualites\/les-dessous-dune-flambee-67587\">Cliquez ici pour lire l&rsquo;article depuis sa source.<\/a><\/p>\n","protected":false},"excerpt":{"rendered":"<p>\u00c7a flambe de partout en cet \u00e9t\u00e9 qui tire vers sa fin. Les temp\u00e9ratures sont caniculaires mais il fait \u00e9galement tr\u00e8s chaud sur les \u00e9tals des march\u00e9s et dans les rayons des \u00e9piceries et sup\u00e9rettes. Les prix des produits alimentaires et autres marchandises sont en perp\u00e9tuelle hausse. Une flamb\u00e9e qui n\u2019arr\u00eate pas Auteur: Cliquez ici [&hellip;]<\/p>\n","protected":false},"author":1741,"featured_media":0,"comment_status":"closed","ping_status":"closed","sticky":false,"template":"","format":"standard","meta":{"fifu_image_url":"","fifu_image_alt":"","footnotes":""},"categories":[73,53],"tags":[],"class_list":["post-127254","post","type-post","status-publish","format-standard","hentry","category-actualite","category-algerie"],"_links":{"self":[{"href":"https:\/\/linitiative.ca\/International\/wp-json\/wp\/v2\/posts\/127254","targetHints":{"allow":["GET"]}}],"collection":[{"href":"https:\/\/linitiative.ca\/International\/wp-json\/wp\/v2\/posts"}],"about":[{"href":"https:\/\/linitiative.ca\/International\/wp-json\/wp\/v2\/types\/post"}],"author":[{"embeddable":true,"href":"https:\/\/linitiative.ca\/International\/wp-json\/wp\/v2\/users\/1741"}],"replies":[{"embeddable":true,"href":"https:\/\/linitiative.ca\/International\/wp-json\/wp\/v2\/comments?post=127254"}],"version-history":[{"count":0,"href":"https:\/\/linitiative.ca\/International\/wp-json\/wp\/v2\/posts\/127254\/revisions"}],"wp:attachment":[{"href":"https:\/\/linitiative.ca\/International\/wp-json\/wp\/v2\/media?parent=127254"}],"wp:term":[{"taxonomy":"category","embeddable":true,"href":"https:\/\/linitiative.ca\/International\/wp-json\/wp\/v2\/categories?post=127254"},{"taxonomy":"post_tag","embeddable":true,"href":"https:\/\/linitiative.ca\/International\/wp-json\/wp\/v2\/tags?post=127254"}],"curies":[{"name":"wp","href":"https:\/\/api.w.org\/{rel}","templated":true}]}}