{"id":127256,"date":"2021-09-16T06:00:00","date_gmt":"2021-09-16T10:00:00","guid":{"rendered":"https:\/\/linitiative.ca\/International\/greve-de-la-faim-demain-vendredi-de-1-380-detenus-dans-les-geoles-sionistes\/"},"modified":"2021-09-16T06:00:00","modified_gmt":"2021-09-16T10:00:00","slug":"greve-de-la-faim-demain-vendredi-de-1-380-detenus-dans-les-geoles-sionistes","status":"publish","type":"post","link":"https:\/\/linitiative.ca\/International\/greve-de-la-faim-demain-vendredi-de-1-380-detenus-dans-les-geoles-sionistes\/","title":{"rendered":"Gr\u00e8ve de la faim, demain vendredi, de 1 380 d\u00e9tenus dans les ge\u00f4les sionistes"},"content":{"rendered":"<div>1 380 d\u00e9tenus palestiniens vont entamer demain vendredi une gr\u00e8ve de la faim ouverte pour protester contre les pratiques de r\u00e9pression de l&rsquo;administration p\u00e9nitentiaire sioniste, selon le mouvement<\/div>\n<p>Auteur:<br \/>\n<a href=\"https:\/\/www.lesoirdalgerie.com\/monde\/greve-de-la-faim-demain-vendredi-de-1-380-detenus-dans-les-geoles-sionistes-67585\">Cliquez ici pour lire l&rsquo;article depuis sa source.<\/a><\/p>\n","protected":false},"excerpt":{"rendered":"<p>1 380 d\u00e9tenus palestiniens vont entamer demain vendredi une gr\u00e8ve de la faim ouverte pour protester contre les pratiques de r\u00e9pression de l&rsquo;administration p\u00e9nitentiaire sioniste, selon le mouvement Auteur: Cliquez ici pour lire l&rsquo;article depuis sa source.<\/p>\n","protected":false},"author":1741,"featured_media":0,"comment_status":"closed","ping_status":"closed","sticky":false,"template":"","format":"standard","meta":{"fifu_image_url":"","fifu_image_alt":"","footnotes":""},"categories":[73,53],"tags":[],"class_list":["post-127256","post","type-post","status-publish","format-standard","hentry","category-actualite","category-algerie"],"_links":{"self":[{"href":"https:\/\/linitiative.ca\/International\/wp-json\/wp\/v2\/posts\/127256","targetHints":{"allow":["GET"]}}],"collection":[{"href":"https:\/\/linitiative.ca\/International\/wp-json\/wp\/v2\/posts"}],"about":[{"href":"https:\/\/linitiative.ca\/International\/wp-json\/wp\/v2\/types\/post"}],"author":[{"embeddable":true,"href":"https:\/\/linitiative.ca\/International\/wp-json\/wp\/v2\/users\/1741"}],"replies":[{"embeddable":true,"href":"https:\/\/linitiative.ca\/International\/wp-json\/wp\/v2\/comments?post=127256"}],"version-history":[{"count":0,"href":"https:\/\/linitiative.ca\/International\/wp-json\/wp\/v2\/posts\/127256\/revisions"}],"wp:attachment":[{"href":"https:\/\/linitiative.ca\/International\/wp-json\/wp\/v2\/media?parent=127256"}],"wp:term":[{"taxonomy":"category","embeddable":true,"href":"https:\/\/linitiative.ca\/International\/wp-json\/wp\/v2\/categories?post=127256"},{"taxonomy":"post_tag","embeddable":true,"href":"https:\/\/linitiative.ca\/International\/wp-json\/wp\/v2\/tags?post=127256"}],"curies":[{"name":"wp","href":"https:\/\/api.w.org\/{rel}","templated":true}]}}