{"id":127258,"date":"2021-09-16T06:25:00","date_gmt":"2021-09-16T10:25:00","guid":{"rendered":"https:\/\/linitiative.ca\/International\/dr-said-afif-il-est-encore-tres-tot-pour-parler-de-la-vaccination-des-3-11-ans\/"},"modified":"2021-09-16T06:25:00","modified_gmt":"2021-09-16T10:25:00","slug":"dr-said-afif-il-est-encore-tres-tot-pour-parler-de-la-vaccination-des-3-11-ans","status":"publish","type":"post","link":"https:\/\/linitiative.ca\/International\/dr-said-afif-il-est-encore-tres-tot-pour-parler-de-la-vaccination-des-3-11-ans\/","title":{"rendered":"Dr Sa\u00efd Afif : \u00abIl est encore tr\u00e8s t\u00f4t pour parler de la vaccination des 3-11 ans\u00bb"},"content":{"rendered":"<div><img decoding=\"async\" width=\"640\" height=\"400\" src=\"https:\/\/linitiative.ca\/International\/wp-content\/uploads\/sites\/23\/2021\/09\/Dr-Said-Afif-membre-du-Comite-scientifique-de-vaccination-anti-Covid.jpeg\" class=\"attachment-post-thumbnail size-post-thumbnail wp-post-image\" alt=\"\" loading=\"lazy\" srcset=\"https:\/\/linitiative.ca\/International\/wp-content\/uploads\/sites\/23\/2021\/09\/Dr-Said-Afif-membre-du-Comite-scientifique-de-vaccination-anti-Covid.jpeg 640w, https:\/\/www.challenge.ma\/wp-content\/uploads\/2021\/09\/Dr-Said-Afif-membre-du-Comite-scientifique-de-vaccination-anti-Covid-300x188.jpeg 300w, https:\/\/www.challenge.ma\/wp-content\/uploads\/2021\/09\/Dr-Said-Afif-membre-du-Comite-scientifique-de-vaccination-anti-Covid-360x225.jpeg 360w\" sizes=\"auto, (max-width: 640px) 100vw, 640px\" itemprop=\"image\">\u00c9tat d\u2019avancement de la campagne de vaccination, all\u00e9gement des restrictions, foyers \u00e9pid\u00e9miques \u00e0 cause des \u00e9lections, vaccination des 3-11 ans\u2026 le point avec le membre du Comit\u00e9 scientifique de la vaccination anti-Covid. \u00ab\u00a0Nous disposons de deux solutions pour faire face \u00e0 la pand\u00e9mie\u00a0: les gestes barri\u00e8res, que nous devons appliquer<\/div>\n<p>Auteur: Karim Handaoui<br \/>\n<a href=\"https:\/\/www.challenge.ma\/dr-said-afif-membre-du-comite-scientifique-de-vaccination-anti-covid-il-est-encore-tres-tot-pour-parler-de-la-vaccination-des-3-11-ans-221006\/\">Cliquez ici pour lire l&rsquo;article depuis sa source.<\/a><\/p>\n","protected":false},"excerpt":{"rendered":"<p>\u00c9tat d\u2019avancement de la campagne de vaccination, all\u00e9gement des restrictions, foyers \u00e9pid\u00e9miques \u00e0 cause des \u00e9lections, vaccination des 3-11 ans\u2026 le point avec le membre du Comit\u00e9 scientifique de la vaccination anti-Covid. \u00ab\u00a0Nous disposons de deux solutions pour faire face \u00e0 la pand\u00e9mie\u00a0: les gestes barri\u00e8res, que nous devons appliquer Auteur: Karim Handaoui Cliquez ici [&hellip;]<\/p>\n","protected":false},"author":1787,"featured_media":0,"comment_status":"closed","ping_status":"closed","sticky":false,"template":"","format":"standard","meta":{"fifu_image_url":"https:\/\/www.challenge.ma\/wp-content\/uploads\/2021\/09\/Dr-Said-Afif-membre-du-Comite-scientifique-de-vaccination-anti-Covid.jpeg","fifu_image_alt":"Dr Sa\u00efd Afif : \u00abIl est encore tr\u00e8s t\u00f4t pour parler de la vaccination des 3-11 ans\u00bb","footnotes":""},"categories":[78,54],"tags":[],"class_list":["post-127258","post","type-post","status-publish","format-standard","hentry","category-economie","category-maroc"],"_links":{"self":[{"href":"https:\/\/linitiative.ca\/International\/wp-json\/wp\/v2\/posts\/127258","targetHints":{"allow":["GET"]}}],"collection":[{"href":"https:\/\/linitiative.ca\/International\/wp-json\/wp\/v2\/posts"}],"about":[{"href":"https:\/\/linitiative.ca\/International\/wp-json\/wp\/v2\/types\/post"}],"author":[{"embeddable":true,"href":"https:\/\/linitiative.ca\/International\/wp-json\/wp\/v2\/users\/1787"}],"replies":[{"embeddable":true,"href":"https:\/\/linitiative.ca\/International\/wp-json\/wp\/v2\/comments?post=127258"}],"version-history":[{"count":0,"href":"https:\/\/linitiative.ca\/International\/wp-json\/wp\/v2\/posts\/127258\/revisions"}],"wp:attachment":[{"href":"https:\/\/linitiative.ca\/International\/wp-json\/wp\/v2\/media?parent=127258"}],"wp:term":[{"taxonomy":"category","embeddable":true,"href":"https:\/\/linitiative.ca\/International\/wp-json\/wp\/v2\/categories?post=127258"},{"taxonomy":"post_tag","embeddable":true,"href":"https:\/\/linitiative.ca\/International\/wp-json\/wp\/v2\/tags?post=127258"}],"curies":[{"name":"wp","href":"https:\/\/api.w.org\/{rel}","templated":true}]}}