{"id":127260,"date":"2021-09-16T06:45:49","date_gmt":"2021-09-16T10:45:49","guid":{"rendered":"https:\/\/linitiative.ca\/International\/maroc-les-exigences-dune-nouvelle-ere-par-jamal-berraoui\/"},"modified":"2021-09-16T06:45:49","modified_gmt":"2021-09-16T10:45:49","slug":"maroc-les-exigences-dune-nouvelle-ere-par-jamal-berraoui","status":"publish","type":"post","link":"https:\/\/linitiative.ca\/International\/maroc-les-exigences-dune-nouvelle-ere-par-jamal-berraoui\/","title":{"rendered":"Maroc. Les exigences d\u2019une nouvelle \u00e8re  [Par Jamal Berraoui]"},"content":{"rendered":"<div><img decoding=\"async\" width=\"2560\" height=\"1694\" src=\"https:\/\/linitiative.ca\/International\/wp-content\/uploads\/sites\/23\/2021\/09\/aziz-1-scaled-2.jpeg\" class=\"attachment-post-thumbnail size-post-thumbnail wp-post-image\" alt=\"\" loading=\"lazy\" srcset=\"https:\/\/linitiative.ca\/International\/wp-content\/uploads\/sites\/23\/2021\/09\/aziz-1-scaled-2.jpeg 2560w, https:\/\/www.challenge.ma\/wp-content\/uploads\/2021\/09\/aziz-1-300x199.jpeg 300w, https:\/\/www.challenge.ma\/wp-content\/uploads\/2021\/09\/aziz-1-1024x678.jpeg 1024w, https:\/\/www.challenge.ma\/wp-content\/uploads\/2021\/09\/aziz-1-768x508.jpeg 768w, https:\/\/www.challenge.ma\/wp-content\/uploads\/2021\/09\/aziz-1-1536x1017.jpeg 1536w, https:\/\/www.challenge.ma\/wp-content\/uploads\/2021\/09\/aziz-1-2048x1355.jpeg 2048w, https:\/\/www.challenge.ma\/wp-content\/uploads\/2021\/09\/aziz-1-360x238.jpeg 360w, https:\/\/www.challenge.ma\/wp-content\/uploads\/2021\/09\/aziz-1-750x496.jpeg 750w\" sizes=\"auto, (max-width: 2560px) 100vw, 2560px\" itemprop=\"image\">L\u2019alternance d\u00e9mocratique \u00e0 laquelle nous avons assist\u00e9 le 8 septembre, a ses propres exigences. D\u2019abord, nous devons pacifier le d\u00e9bat politique. Que les antagonismes s\u2019expriment, c\u2019est salutaire et c\u2019est le propre de la d\u00e9mocratie, qui permet de g\u00e9rer les divergences et non pas d\u2019imposer des consensus factices. Il est \u00e0<\/div>\n<p>Auteur: challenge<br \/>\n<a href=\"https:\/\/www.challenge.ma\/les-exigences-dune-nouvelle-ere-par-jamal-berraoui-221009\/\">Cliquez ici pour lire l&rsquo;article depuis sa source.<\/a><\/p>\n","protected":false},"excerpt":{"rendered":"<p>L\u2019alternance d\u00e9mocratique \u00e0 laquelle nous avons assist\u00e9 le 8 septembre, a ses propres exigences. D\u2019abord, nous devons pacifier le d\u00e9bat politique. Que les antagonismes s\u2019expriment, c\u2019est salutaire et c\u2019est le propre de la d\u00e9mocratie, qui permet de g\u00e9rer les divergences et non pas d\u2019imposer des consensus factices. Il est \u00e0 Auteur: challenge Cliquez ici pour [&hellip;]<\/p>\n","protected":false},"author":1787,"featured_media":0,"comment_status":"closed","ping_status":"closed","sticky":false,"template":"","format":"standard","meta":{"fifu_image_url":"https:\/\/www.challenge.ma\/wp-content\/uploads\/2021\/09\/aziz-1-scaled.jpeg","fifu_image_alt":"Maroc. Les exigences d\u2019une nouvelle \u00e8re  [Par Jamal Berraoui]","footnotes":""},"categories":[78,54],"tags":[],"class_list":["post-127260","post","type-post","status-publish","format-standard","hentry","category-economie","category-maroc"],"_links":{"self":[{"href":"https:\/\/linitiative.ca\/International\/wp-json\/wp\/v2\/posts\/127260","targetHints":{"allow":["GET"]}}],"collection":[{"href":"https:\/\/linitiative.ca\/International\/wp-json\/wp\/v2\/posts"}],"about":[{"href":"https:\/\/linitiative.ca\/International\/wp-json\/wp\/v2\/types\/post"}],"author":[{"embeddable":true,"href":"https:\/\/linitiative.ca\/International\/wp-json\/wp\/v2\/users\/1787"}],"replies":[{"embeddable":true,"href":"https:\/\/linitiative.ca\/International\/wp-json\/wp\/v2\/comments?post=127260"}],"version-history":[{"count":0,"href":"https:\/\/linitiative.ca\/International\/wp-json\/wp\/v2\/posts\/127260\/revisions"}],"wp:attachment":[{"href":"https:\/\/linitiative.ca\/International\/wp-json\/wp\/v2\/media?parent=127260"}],"wp:term":[{"taxonomy":"category","embeddable":true,"href":"https:\/\/linitiative.ca\/International\/wp-json\/wp\/v2\/categories?post=127260"},{"taxonomy":"post_tag","embeddable":true,"href":"https:\/\/linitiative.ca\/International\/wp-json\/wp\/v2\/tags?post=127260"}],"curies":[{"name":"wp","href":"https:\/\/api.w.org\/{rel}","templated":true}]}}