{"id":127262,"date":"2021-09-16T07:04:20","date_gmt":"2021-09-16T11:04:20","guid":{"rendered":"https:\/\/linitiative.ca\/International\/le-francais-domino-hr-etend-sa-toile-au-maroc\/"},"modified":"2021-09-16T07:04:20","modified_gmt":"2021-09-16T11:04:20","slug":"le-francais-domino-hr-etend-sa-toile-au-maroc","status":"publish","type":"post","link":"https:\/\/linitiative.ca\/International\/le-francais-domino-hr-etend-sa-toile-au-maroc\/","title":{"rendered":"Le fran\u00e7ais Domino HR \u00e9tend sa toile au Maroc"},"content":{"rendered":"<div><img decoding=\"async\" width=\"999\" height=\"626\" src=\"https:\/\/linitiative.ca\/International\/wp-content\/uploads\/sites\/23\/2021\/09\/domino_interim_07505600_181745227-1024x560-1.jpg\" class=\"attachment-post-thumbnail size-post-thumbnail wp-post-image\" alt=\"\" loading=\"lazy\" srcset=\"https:\/\/linitiative.ca\/International\/wp-content\/uploads\/sites\/23\/2021\/09\/domino_interim_07505600_181745227-1024x560-1.jpg 999w, https:\/\/www.challenge.ma\/wp-content\/uploads\/2021\/09\/domino_interim_07505600_181745227-1024x560-1-300x188.jpg 300w, https:\/\/www.challenge.ma\/wp-content\/uploads\/2021\/09\/domino_interim_07505600_181745227-1024x560-1-768x481.jpg 768w, https:\/\/www.challenge.ma\/wp-content\/uploads\/2021\/09\/domino_interim_07505600_181745227-1024x560-1-360x226.jpg 360w, https:\/\/www.challenge.ma\/wp-content\/uploads\/2021\/09\/domino_interim_07505600_181745227-1024x560-1-750x470.jpg 750w\" sizes=\"auto, (max-width: 999px) 100vw, 999px\" itemprop=\"image\">Quelques mois seulement apr\u00e8s avoir pos\u00e9 son baluchon au Maroc, le fran\u00e7ais Domino HR y op\u00e8re sa premi\u00e8re op\u00e9ration de croissance externe. En effet, ce sp\u00e9cialiste de l\u2019int\u00e9rim, travail temporaire et formation, vient d\u2019acqu\u00e9rir deux acteurs marocains du m\u00eame secteur. Les cibles ne sont autres qu\u2019Interim Express et sa filiale<\/div>\n<p>Auteur: challenge<br \/>\n<a href=\"https:\/\/www.challenge.ma\/le-francais-domino-hr-etend-sa-toile-au-maroc-220257\/\">Cliquez ici pour lire l&rsquo;article depuis sa source.<\/a><\/p>\n","protected":false},"excerpt":{"rendered":"<p>Quelques mois seulement apr\u00e8s avoir pos\u00e9 son baluchon au Maroc, le fran\u00e7ais Domino HR y op\u00e8re sa premi\u00e8re op\u00e9ration de croissance externe. En effet, ce sp\u00e9cialiste de l\u2019int\u00e9rim, travail temporaire et formation, vient d\u2019acqu\u00e9rir deux acteurs marocains du m\u00eame secteur. Les cibles ne sont autres qu\u2019Interim Express et sa filiale Auteur: challenge Cliquez ici pour [&hellip;]<\/p>\n","protected":false},"author":1787,"featured_media":0,"comment_status":"closed","ping_status":"closed","sticky":false,"template":"","format":"standard","meta":{"fifu_image_url":"https:\/\/www.challenge.ma\/wp-content\/uploads\/2021\/09\/domino_interim_07505600_181745227-1024x560-1.jpg","fifu_image_alt":"Le fran\u00e7ais Domino HR \u00e9tend sa toile au Maroc","footnotes":""},"categories":[78,54],"tags":[],"class_list":["post-127262","post","type-post","status-publish","format-standard","hentry","category-economie","category-maroc"],"_links":{"self":[{"href":"https:\/\/linitiative.ca\/International\/wp-json\/wp\/v2\/posts\/127262","targetHints":{"allow":["GET"]}}],"collection":[{"href":"https:\/\/linitiative.ca\/International\/wp-json\/wp\/v2\/posts"}],"about":[{"href":"https:\/\/linitiative.ca\/International\/wp-json\/wp\/v2\/types\/post"}],"author":[{"embeddable":true,"href":"https:\/\/linitiative.ca\/International\/wp-json\/wp\/v2\/users\/1787"}],"replies":[{"embeddable":true,"href":"https:\/\/linitiative.ca\/International\/wp-json\/wp\/v2\/comments?post=127262"}],"version-history":[{"count":0,"href":"https:\/\/linitiative.ca\/International\/wp-json\/wp\/v2\/posts\/127262\/revisions"}],"wp:attachment":[{"href":"https:\/\/linitiative.ca\/International\/wp-json\/wp\/v2\/media?parent=127262"}],"wp:term":[{"taxonomy":"category","embeddable":true,"href":"https:\/\/linitiative.ca\/International\/wp-json\/wp\/v2\/categories?post=127262"},{"taxonomy":"post_tag","embeddable":true,"href":"https:\/\/linitiative.ca\/International\/wp-json\/wp\/v2\/tags?post=127262"}],"curies":[{"name":"wp","href":"https:\/\/api.w.org\/{rel}","templated":true}]}}