{"id":127270,"date":"2021-09-16T16:28:46","date_gmt":"2021-09-16T20:28:46","guid":{"rendered":"https:\/\/linitiative.ca\/International\/tunisie-les-avocats-de-chawki-tabib-et-danouar-maarouf-deposent-une-plainte-aupres-du-gtda\/"},"modified":"2021-09-16T16:28:46","modified_gmt":"2021-09-16T20:28:46","slug":"tunisie-les-avocats-de-chawki-tabib-et-danouar-maarouf-deposent-une-plainte-aupres-du-gtda","status":"publish","type":"post","link":"https:\/\/linitiative.ca\/International\/tunisie-les-avocats-de-chawki-tabib-et-danouar-maarouf-deposent-une-plainte-aupres-du-gtda\/","title":{"rendered":"Tunisie \u2013 Les avocats de Chawki Tabib et d\u2019Anouar Maarouf d\u00e9posent une plainte aupr\u00e8s du GTDA"},"content":{"rendered":"<div>\n<p>Les avocats William BOURDON et Vincent BRENGARTH, repr\u00e9sentant les tunisiens Chawki Tabib et Anouar Ma\u00e2rouf, ont annonc\u00e9 avoir d\u00e9pos\u00e9 une plainte aupr\u00e8s du Groupe de travail sur la d\u00e9tention arbitraire qui si\u00e8ge aupr\u00e8s du Haut-Commissariat des Nations Unies aux droits de l\u2019homme, pour d\u00e9tention arbitraire de leurs clients. Ces avocats pr\u00e9cisent que leurs clients ont, [\u2026]<\/p>\n<p>L\u2019article <a href=\"https:\/\/www.tunisienumerique.com\/tunisie-les-avocats-de-chawki-tabib-et-danouar-maarouf-deposent-une-plainte-aupres-du-gtda\/\">Tunisie \u2013 Les avocats de Chawki Tabib et d\u2019Anouar Maarouf d\u00e9posent une plainte aupr\u00e8s du GTDA<\/a> est apparu en premier sur <a href=\"https:\/\/www.tunisienumerique.com\/\">Tunisie<\/a>.<\/p>\n<\/div>\n<p>Auteur: LM<br \/>\n<a href=\"https:\/\/www.tunisienumerique.com\/tunisie-les-avocats-de-chawki-tabib-et-danouar-maarouf-deposent-une-plainte-aupres-du-gtda\/\">Cliquez ici pour lire l&rsquo;article depuis sa source.<\/a><\/p>\n","protected":false},"excerpt":{"rendered":"<p>Les avocats William BOURDON et Vincent BRENGARTH, repr\u00e9sentant les tunisiens Chawki Tabib et Anouar Ma\u00e2rouf, ont annonc\u00e9 avoir d\u00e9pos\u00e9 une plainte aupr\u00e8s du Groupe de travail sur la d\u00e9tention arbitraire qui si\u00e8ge aupr\u00e8s du Haut-Commissariat des Nations Unies aux droits de l\u2019homme, pour d\u00e9tention arbitraire de leurs clients. Ces avocats pr\u00e9cisent que leurs clients ont, [&hellip;]<\/p>\n","protected":false},"author":1789,"featured_media":0,"comment_status":"closed","ping_status":"closed","sticky":false,"template":"","format":"standard","meta":{"fifu_image_url":"","fifu_image_alt":"","footnotes":""},"categories":[73,55],"tags":[],"class_list":["post-127270","post","type-post","status-publish","format-standard","hentry","category-actualite","category-tunisie"],"_links":{"self":[{"href":"https:\/\/linitiative.ca\/International\/wp-json\/wp\/v2\/posts\/127270","targetHints":{"allow":["GET"]}}],"collection":[{"href":"https:\/\/linitiative.ca\/International\/wp-json\/wp\/v2\/posts"}],"about":[{"href":"https:\/\/linitiative.ca\/International\/wp-json\/wp\/v2\/types\/post"}],"author":[{"embeddable":true,"href":"https:\/\/linitiative.ca\/International\/wp-json\/wp\/v2\/users\/1789"}],"replies":[{"embeddable":true,"href":"https:\/\/linitiative.ca\/International\/wp-json\/wp\/v2\/comments?post=127270"}],"version-history":[{"count":0,"href":"https:\/\/linitiative.ca\/International\/wp-json\/wp\/v2\/posts\/127270\/revisions"}],"wp:attachment":[{"href":"https:\/\/linitiative.ca\/International\/wp-json\/wp\/v2\/media?parent=127270"}],"wp:term":[{"taxonomy":"category","embeddable":true,"href":"https:\/\/linitiative.ca\/International\/wp-json\/wp\/v2\/categories?post=127270"},{"taxonomy":"post_tag","embeddable":true,"href":"https:\/\/linitiative.ca\/International\/wp-json\/wp\/v2\/tags?post=127270"}],"curies":[{"name":"wp","href":"https:\/\/api.w.org\/{rel}","templated":true}]}}