{"id":127271,"date":"2021-09-16T17:06:28","date_gmt":"2021-09-16T21:06:28","guid":{"rendered":"https:\/\/linitiative.ca\/International\/tunisie-quand-les-enseignants-vont-ils-daigner-reprendre-les-cours-monsieur-le-ministre\/"},"modified":"2021-09-16T17:06:28","modified_gmt":"2021-09-16T21:06:28","slug":"tunisie-quand-les-enseignants-vont-ils-daigner-reprendre-les-cours-monsieur-le-ministre","status":"publish","type":"post","link":"https:\/\/linitiative.ca\/International\/tunisie-quand-les-enseignants-vont-ils-daigner-reprendre-les-cours-monsieur-le-ministre\/","title":{"rendered":"Tunisie \u2013 Quand les enseignants vont-ils daigner reprendre les cours, monsieur le ministre\u00a0?"},"content":{"rendered":"<div>\n<p>Tout le monde savait que la rentr\u00e9e scolaire s\u2019est effectu\u00e9e hier. Tout le monde\u2026 Sauf, peut-\u00eatre, les premiers concern\u00e9s, \u00e0 savoir les enseignants. En effet, ces messieurs dames ne semblent, pour le moment, pas press\u00e9s de reprendre le chemin des \u00e9coles. Ils auraient l\u2019intention de se payer des rallonges de vacances, que \u00e7\u00e0 ne serait [\u2026]<\/p>\n<p>L\u2019article <a href=\"https:\/\/www.tunisienumerique.com\/tunisie-quand-les-enseignants-vont-ils-daigner-reprendre-les-cours-monsieur-le-ministre\/\">Tunisie \u2013 Quand les enseignants vont-ils daigner reprendre les cours, monsieur le ministre\u00a0?<\/a> est apparu en premier sur <a href=\"https:\/\/www.tunisienumerique.com\/\">Tunisie<\/a>.<\/p>\n<\/div>\n<p>Auteur: Saber .<br \/>\n<a href=\"https:\/\/www.tunisienumerique.com\/tunisie-quand-les-enseignants-vont-ils-daigner-reprendre-les-cours-monsieur-le-ministre\/\">Cliquez ici pour lire l&rsquo;article depuis sa source.<\/a><\/p>\n","protected":false},"excerpt":{"rendered":"<p>Tout le monde savait que la rentr\u00e9e scolaire s\u2019est effectu\u00e9e hier. Tout le monde\u2026 Sauf, peut-\u00eatre, les premiers concern\u00e9s, \u00e0 savoir les enseignants. En effet, ces messieurs dames ne semblent, pour le moment, pas press\u00e9s de reprendre le chemin des \u00e9coles. Ils auraient l\u2019intention de se payer des rallonges de vacances, que \u00e7\u00e0 ne serait [&hellip;]<\/p>\n","protected":false},"author":1789,"featured_media":0,"comment_status":"closed","ping_status":"closed","sticky":false,"template":"","format":"standard","meta":{"fifu_image_url":"","fifu_image_alt":"","footnotes":""},"categories":[73,55],"tags":[],"class_list":["post-127271","post","type-post","status-publish","format-standard","hentry","category-actualite","category-tunisie"],"_links":{"self":[{"href":"https:\/\/linitiative.ca\/International\/wp-json\/wp\/v2\/posts\/127271","targetHints":{"allow":["GET"]}}],"collection":[{"href":"https:\/\/linitiative.ca\/International\/wp-json\/wp\/v2\/posts"}],"about":[{"href":"https:\/\/linitiative.ca\/International\/wp-json\/wp\/v2\/types\/post"}],"author":[{"embeddable":true,"href":"https:\/\/linitiative.ca\/International\/wp-json\/wp\/v2\/users\/1789"}],"replies":[{"embeddable":true,"href":"https:\/\/linitiative.ca\/International\/wp-json\/wp\/v2\/comments?post=127271"}],"version-history":[{"count":0,"href":"https:\/\/linitiative.ca\/International\/wp-json\/wp\/v2\/posts\/127271\/revisions"}],"wp:attachment":[{"href":"https:\/\/linitiative.ca\/International\/wp-json\/wp\/v2\/media?parent=127271"}],"wp:term":[{"taxonomy":"category","embeddable":true,"href":"https:\/\/linitiative.ca\/International\/wp-json\/wp\/v2\/categories?post=127271"},{"taxonomy":"post_tag","embeddable":true,"href":"https:\/\/linitiative.ca\/International\/wp-json\/wp\/v2\/tags?post=127271"}],"curies":[{"name":"wp","href":"https:\/\/api.w.org\/{rel}","templated":true}]}}