{"id":127276,"date":"2021-09-16T08:27:25","date_gmt":"2021-09-16T12:27:25","guid":{"rendered":"https:\/\/linitiative.ca\/International\/sahel-le-chef-du-groupe-djihadiste-adnan-abou-walid-al-sahraoui-tue-par-les-forces-francaises\/"},"modified":"2021-09-16T08:27:25","modified_gmt":"2021-09-16T12:27:25","slug":"sahel-le-chef-du-groupe-djihadiste-adnan-abou-walid-al-sahraoui-tue-par-les-forces-francaises","status":"publish","type":"post","link":"https:\/\/linitiative.ca\/International\/sahel-le-chef-du-groupe-djihadiste-adnan-abou-walid-al-sahraoui-tue-par-les-forces-francaises\/","title":{"rendered":"Sahel : Le chef du groupe djihadiste, Adnan Abou Walid al Sahraoui tu\u00e9 par les forces fran\u00e7aises"},"content":{"rendered":"<div>\n<p>Le chef du groupe djihadiste Etat islamique au Grand Sahara (EIGS), Adnan Abou Walid al Sahraoui, a \u00e9t\u00e9 \u00ab neutralis\u00e9 \u00bb par les forces fran\u00e7aises, a annonc\u00e9 le pr\u00e9sident fran\u00e7ais Emmanuel Macron, dans la nuit de mercredi \u00e0 jeudi sur son compte Twitter. (Il s\u2019agit d\u2019un nouveau succ\u00e8s majeur dans le combat que nous menons contre les groupes terroristes au Sahel), a tweet\u00e9 Macron.<\/p>\n<p>La ministre des Arm\u00e9es, Florence Parly a pr\u00e9cis\u00e9 ce\u00a0jeudi 16 septembre 2021 lors d\u2019une conf\u00e9rence de presse, qu\u2019Adnan Abou Walid al-Sahraoui est mort apr\u00e8s avoir \u00ab\u00a0succomb\u00e9 \u00e0 des blessures provoqu\u00e9es par une frappe de la force Barkhane en ao\u00fbt 2021\u00a0\u00bb.<\/p>\n<p><img decoding=\"async\" loading=\"lazy\" class=\"alignnone wp-image-39647 size-large\" src=\"https:\/\/linitiative.ca\/International\/wp-content\/uploads\/sites\/23\/2021\/09\/ph-ooooo-1024x577-1.jpeg\" alt=\"\" width=\"696\" height=\"392\" srcset=\"https:\/\/linitiative.ca\/International\/wp-content\/uploads\/sites\/23\/2021\/09\/ph-ooooo-1024x577-1.jpeg 1024w, https:\/\/www.sidwaya.info\/wp-content\/uploads\/2021\/09\/ph-ooooo-300x169.jpeg 300w, https:\/\/www.sidwaya.info\/wp-content\/uploads\/2021\/09\/ph-ooooo-768x433.jpeg 768w, https:\/\/www.sidwaya.info\/wp-content\/uploads\/2021\/09\/ph-ooooo-150x85.jpeg 150w, https:\/\/www.sidwaya.info\/wp-content\/uploads\/2021\/09\/ph-ooooo-696x392.jpeg 696w, https:\/\/www.sidwaya.info\/wp-content\/uploads\/2021\/09\/ph-ooooo-1068x602.jpeg 1068w, https:\/\/www.sidwaya.info\/wp-content\/uploads\/2021\/09\/ph-ooooo-745x420.jpeg 745w, https:\/\/www.sidwaya.info\/wp-content\/uploads\/2021\/09\/ph-ooooo.jpeg 1256w\" sizes=\"auto, (max-width: 696px) 100vw, 696px\"><\/p>\n<p>Adnan Abou Walid al-Sahraoui a \u00e9t\u00e9 d\u00e9sign\u00e9 comme \u00ab\u00a0ennemi prioritaire\u00a0\u00bb au Sahel,\u00a0<span style=\"color: #000000\"><a style=\"color: #000000\" href=\"https:\/\/www.france24.com\/fr\/20200113-lutte-anti-jihadiste-suivez-en-direct-la-conf%C3%A9rence-de-presse-du-g5-sahel-%C3%A0-pau\">lors du sommet de Pau<\/a>\u00a0<\/span>en janvier 2020. La ministre fran\u00e7aise des arm\u00e9es a confi\u00e9 que sa mort intervient apr\u00e8s plus de 18 mois d\u2019efforts constants contre cette organisation qui est l\u2019\u00e9manation de Daech au Sahel.<\/p>\n<p>En rappel, ce chef Djihadiste a perp\u00e9tr\u00e9 des attaques particuli\u00e8rement meurtri\u00e8res au Mali, au Niger et au Burkina Faso.<\/p>\n<p><strong>WMO<\/strong><\/p>\n<p>\u00a0<\/p>\n<p><strong>\u00a0<\/strong><\/p>\n<p><strong>\u00a0<\/strong><\/p>\n<p>L\u2019article <a rel=\"nofollow\" href=\"https:\/\/www.sidwaya.info\/blog\/2021\/09\/16\/sahel-le-chef-du-groupe-djihadiste-adnan-abou-walid-al-sahraoui-tue-par-les-forces-francaises\/\">Sahel : Le chef du groupe djihadiste, Adnan Abou Walid al Sahraoui tu\u00e9 par les forces fran\u00e7aises<\/a> est apparu en premier sur <a rel=\"nofollow\" href=\"https:\/\/www.sidwaya.info\/\">Quotidien Sidwaya<\/a>.<\/p>\n<\/div>\n<p>Auteur: Wamini SIDWAYA<br \/>\n<a href=\"https:\/\/www.sidwaya.info\/blog\/2021\/09\/16\/sahel-le-chef-du-groupe-djihadiste-adnan-abou-walid-al-sahraoui-tue-par-les-forces-francaises\/\">Cliquez ici pour lire l&rsquo;article depuis sa source.<\/a><\/p>\n","protected":false},"excerpt":{"rendered":"<p>Le chef du groupe djihadiste Etat islamique au Grand Sahara (EIGS), Adnan Abou Walid al Sahraoui, a \u00e9t\u00e9 \u00ab neutralis\u00e9 \u00bb par les forces fran\u00e7aises, a annonc\u00e9 le pr\u00e9sident fran\u00e7ais Emmanuel Macron, dans la nuit de mercredi \u00e0 jeudi sur son compte Twitter. (Il s\u2019agit d\u2019un nouveau succ\u00e8s majeur dans le combat que nous menons [&hellip;]<\/p>\n","protected":false},"author":1816,"featured_media":0,"comment_status":"closed","ping_status":"closed","sticky":false,"template":"","format":"standard","meta":{"fifu_image_url":"https:\/\/www.sidwaya.info\/wp-content\/uploads\/2021\/09\/ph-ooooo-1024x577.jpeg","fifu_image_alt":"Sahel : Le chef du groupe djihadiste, Adnan Abou Walid al Sahraoui tu\u00e9 par les forces fran\u00e7aises","footnotes":""},"categories":[73,81],"tags":[],"class_list":["post-127276","post","type-post","status-publish","format-standard","hentry","category-actualite","category-burkina-faso"],"_links":{"self":[{"href":"https:\/\/linitiative.ca\/International\/wp-json\/wp\/v2\/posts\/127276","targetHints":{"allow":["GET"]}}],"collection":[{"href":"https:\/\/linitiative.ca\/International\/wp-json\/wp\/v2\/posts"}],"about":[{"href":"https:\/\/linitiative.ca\/International\/wp-json\/wp\/v2\/types\/post"}],"author":[{"embeddable":true,"href":"https:\/\/linitiative.ca\/International\/wp-json\/wp\/v2\/users\/1816"}],"replies":[{"embeddable":true,"href":"https:\/\/linitiative.ca\/International\/wp-json\/wp\/v2\/comments?post=127276"}],"version-history":[{"count":0,"href":"https:\/\/linitiative.ca\/International\/wp-json\/wp\/v2\/posts\/127276\/revisions"}],"wp:attachment":[{"href":"https:\/\/linitiative.ca\/International\/wp-json\/wp\/v2\/media?parent=127276"}],"wp:term":[{"taxonomy":"category","embeddable":true,"href":"https:\/\/linitiative.ca\/International\/wp-json\/wp\/v2\/categories?post=127276"},{"taxonomy":"post_tag","embeddable":true,"href":"https:\/\/linitiative.ca\/International\/wp-json\/wp\/v2\/tags?post=127276"}],"curies":[{"name":"wp","href":"https:\/\/api.w.org\/{rel}","templated":true}]}}