{"id":127278,"date":"2021-09-16T11:13:35","date_gmt":"2021-09-16T15:13:35","guid":{"rendered":"https:\/\/linitiative.ca\/International\/cedeao-debut-des-travaux-du-sommet-extraordinaire-sur-la-guinee-et-le-mali\/"},"modified":"2021-09-16T11:13:35","modified_gmt":"2021-09-16T15:13:35","slug":"cedeao-debut-des-travaux-du-sommet-extraordinaire-sur-la-guinee-et-le-mali","status":"publish","type":"post","link":"https:\/\/linitiative.ca\/International\/cedeao-debut-des-travaux-du-sommet-extraordinaire-sur-la-guinee-et-le-mali\/","title":{"rendered":"CEDEAO\u00a0: D\u00e9but des travaux du Sommet extraordinaire sur la Guin\u00e9e et le Mali"},"content":{"rendered":"<div>\n<p>Le pr\u00e9sident du Faso, Roch Kabor\u00e9 et ses pairs de l\u2019espace CEDEAO ont entam\u00e9 en fin de matin\u00e9e les travaux de la Conf\u00e9rence des chefs d\u2019Etat et de Gouvernement de la Communaut\u00e9 \u00e9conomique des Etats de l\u2019Afrique de l\u2019Ouest sur les crises politiques en Guin\u00e9e et au Mali. Ces travaux qui se d\u00e9roulent \u00e0 huis clos ont \u00e9t\u00e9 pr\u00e9c\u00e9d\u00e9s par une c\u00e9r\u00e9monie d\u2019ouverture marqu\u00e9e par le discours du pr\u00e9sident en exercice de la CEDEAO, Nana Dankwa Akufo-Addo, pr\u00e9sident de la R\u00e9publique du Ghana.<\/p>\n<p>Il a salu\u00e9 la tenue de ce sommet qui est comme \u00ab un t\u00e9moignage \u00e9loquent de l\u2019engagement de la CEDEAO en faveur de la paix, de la d\u00e9mocratie et de la solidarit\u00e9 dans notre sous-r\u00e9gion \u00bb. Il s\u2019agit d\u2019avoir des \u00ab discussions plus approfondies sur la situation en Guin\u00e9e et au Mali \u00bb, a-t-il d\u00e9clar\u00e9. Le pr\u00e9sident Akufo-Addo a expliqu\u00e9 que le 10 septembre dernier, une mission de haut niveau a \u00e9t\u00e9 envoy\u00e9e par les chefs d\u2019Etat en Guin\u00e9e pour \u00ab une \u00e9valuation de la situation \u00bb. Le rapport produit par cette mission fera l\u2019objet d\u2019un examen au cours de ce sommet.<\/p>\n<p><img decoding=\"async\" loading=\"lazy\" class=\"alignnone wp-image-39654 size-full\" src=\"https:\/\/linitiative.ca\/International\/wp-content\/uploads\/sites\/23\/2021\/09\/Ph-rocho.jpg\" alt=\"\" width=\"593\" height=\"395\" srcset=\"https:\/\/linitiative.ca\/International\/wp-content\/uploads\/sites\/23\/2021\/09\/Ph-rocho.jpg 593w, https:\/\/www.sidwaya.info\/wp-content\/uploads\/2021\/09\/Ph-rocho-300x200.jpg 300w, https:\/\/www.sidwaya.info\/wp-content\/uploads\/2021\/09\/Ph-rocho-150x100.jpg 150w\" sizes=\"auto, (max-width: 593px) 100vw, 593px\"><\/p>\n<p>Le pr\u00e9sident en exercice de la CEDEAO, a indiqu\u00e9 que la conf\u00e9rence des chefs d\u2019Etat va \u00e9galement se pencher sur le rapport du m\u00e9diateur de la CEDEAO pour le Mali. Au cours de la rencontre, les chefs d\u2019Etat vont \u00ab prendre des d\u00e9cisions \u00e9clair\u00e9es \u00bb en vue d\u2019aboutir \u00e0 des \u00ab solutions durables \u00bb, a ajout\u00e9 le pr\u00e9sident en exercice de la CEDEAO.<\/p>\n<p>Ce sommet d\u2019Accra a \u00e9t\u00e9 l\u2019occasion pour le pr\u00e9sident du Faso, Roch Marc Christian Kabor\u00e9 et ses pairs du Togo et de la C\u00f4te d\u2019Ivoire de s\u2019entretenir en pr\u00e9lude de la conf\u00e9rence sur questions sous r\u00e9gionales particuli\u00e8rement de la situation politique en Guin\u00e9e. \u00ab\u00a0Nous avons fait un tour d\u2019horizon de la situation dans notre sous-r\u00e9gion et discut\u00e9 des questions d\u2019int\u00e9r\u00eats communs\u00a0\u00bb, a confi\u00e9 le Pr\u00e9sident du Faso.<\/p>\n<p style=\"text-align: right\"><strong>WMO<\/strong><\/p>\n<p>\u00a0<\/p>\n<p>\u00a0<\/p>\n<p>L\u2019article <a rel=\"nofollow\" href=\"https:\/\/www.sidwaya.info\/blog\/2021\/09\/16\/cedeao-debut-des-travaux-du-sommet-extraordinaire-sur-la-guinee-et-le-mali\/\">CEDEAO\u00a0: D\u00e9but des travaux du Sommet extraordinaire sur la Guin\u00e9e et le Mali<\/a> est apparu en premier sur <a rel=\"nofollow\" href=\"https:\/\/www.sidwaya.info\/\">Quotidien Sidwaya<\/a>.<\/p>\n<\/div>\n<p>Auteur: Wamini SIDWAYA<br \/>\n<a href=\"https:\/\/www.sidwaya.info\/blog\/2021\/09\/16\/cedeao-debut-des-travaux-du-sommet-extraordinaire-sur-la-guinee-et-le-mali\/\">Cliquez ici pour lire l&rsquo;article depuis sa source.<\/a><\/p>\n","protected":false},"excerpt":{"rendered":"<p>Le pr\u00e9sident du Faso, Roch Kabor\u00e9 et ses pairs de l\u2019espace CEDEAO ont entam\u00e9 en fin de matin\u00e9e les travaux de la Conf\u00e9rence des chefs d\u2019Etat et de Gouvernement de la Communaut\u00e9 \u00e9conomique des Etats de l\u2019Afrique de l\u2019Ouest sur les crises politiques en Guin\u00e9e et au Mali. Ces travaux qui se d\u00e9roulent \u00e0 huis [&hellip;]<\/p>\n","protected":false},"author":1816,"featured_media":0,"comment_status":"closed","ping_status":"closed","sticky":false,"template":"","format":"standard","meta":{"fifu_image_url":"https:\/\/www.sidwaya.info\/wp-content\/uploads\/2021\/09\/Ph-rocho.jpg","fifu_image_alt":"CEDEAO\u00a0: D\u00e9but des travaux du Sommet extraordinaire sur la Guin\u00e9e et le Mali","footnotes":""},"categories":[73,81],"tags":[],"class_list":["post-127278","post","type-post","status-publish","format-standard","hentry","category-actualite","category-burkina-faso"],"_links":{"self":[{"href":"https:\/\/linitiative.ca\/International\/wp-json\/wp\/v2\/posts\/127278","targetHints":{"allow":["GET"]}}],"collection":[{"href":"https:\/\/linitiative.ca\/International\/wp-json\/wp\/v2\/posts"}],"about":[{"href":"https:\/\/linitiative.ca\/International\/wp-json\/wp\/v2\/types\/post"}],"author":[{"embeddable":true,"href":"https:\/\/linitiative.ca\/International\/wp-json\/wp\/v2\/users\/1816"}],"replies":[{"embeddable":true,"href":"https:\/\/linitiative.ca\/International\/wp-json\/wp\/v2\/comments?post=127278"}],"version-history":[{"count":0,"href":"https:\/\/linitiative.ca\/International\/wp-json\/wp\/v2\/posts\/127278\/revisions"}],"wp:attachment":[{"href":"https:\/\/linitiative.ca\/International\/wp-json\/wp\/v2\/media?parent=127278"}],"wp:term":[{"taxonomy":"category","embeddable":true,"href":"https:\/\/linitiative.ca\/International\/wp-json\/wp\/v2\/categories?post=127278"},{"taxonomy":"post_tag","embeddable":true,"href":"https:\/\/linitiative.ca\/International\/wp-json\/wp\/v2\/tags?post=127278"}],"curies":[{"name":"wp","href":"https:\/\/api.w.org\/{rel}","templated":true}]}}