{"id":127280,"date":"2021-09-16T11:22:06","date_gmt":"2021-09-16T15:22:06","guid":{"rendered":"https:\/\/linitiative.ca\/International\/afrique-de-louest-et-du-centre-loim-lance-la-1ere-edition-du-prix-du-journalisme-sur-la-migration\/"},"modified":"2021-09-16T11:22:06","modified_gmt":"2021-09-16T15:22:06","slug":"afrique-de-louest-et-du-centre-loim-lance-la-1ere-edition-du-prix-du-journalisme-sur-la-migration","status":"publish","type":"post","link":"https:\/\/linitiative.ca\/International\/afrique-de-louest-et-du-centre-loim-lance-la-1ere-edition-du-prix-du-journalisme-sur-la-migration\/","title":{"rendered":"Afrique de l\u2019Ouest et du Centre\u00a0: L\u2019OIM lance la 1\u00e8re \u00e9dition du prix du journalisme sur la migration"},"content":{"rendered":"<div>\n<table>\n<tbody>\n<tr>\n<td><\/td>\n<\/tr>\n<tr>\n<td><strong>Le prix r\u00e9compensera huit journalistes qui recevront chacun une somme allant jusqu\u2019\u00e0 1 250 dollars<\/strong><\/td>\n<\/tr>\n<tr>\n<td>\u00a0La premi\u00e8re \u00e9dition du Prix du journalisme sur la migration en Afrique de l\u2019Ouest et du Centre est ouverte aux journalistes qui mettent en \u00e9vidence les multiples aspects de la migration en Afrique de l\u2019Ouest et du Centre.<br \/>\nOrganis\u00e9 par l\u2019Organisation internationale pour les migrations (OIM), les soumissions sont gratuitement ouvertes du 15 septembre au 15 octobre 2021. Les candidatures peuvent \u00eatre r\u00e9dig\u00e9es en Anglais ou en Fran\u00e7ais, et envoy\u00e9es \u00e0 l\u2019adresse suivante :\u00a0<a href=\"https:\/\/reportingmigration.org\/en\/\">reportingmigration.org\u00a0<\/a>.Le prix r\u00e9compensera huit journalistes qui recevront chacun une somme allant jusqu\u2019\u00e0 1 250 dollars. Les laur\u00e9ats recevront \u00e9galement un certificat de reconnaissance et seront invit\u00e9s \u00e0 une c\u00e9r\u00e9monie de remise de prix virtuelle qui sera diffus\u00e9e sur les m\u00e9dias sociaux de l\u2019OIM. La c\u00e9r\u00e9monie pourrait \u00eatre diffus\u00e9e sur la plateforme d\u2019un partenaire m\u00e9dia.Destin\u00e9 \u00e0 promouvoir des reportages de qualit\u00e9 sur la migration, ce prix vise \u00e9galement \u00e0 r\u00e9compenser les meilleurs reportages de la r\u00e9gion qui mettent en lumi\u00e8re la migration sous diff\u00e9rents angles, notamment la migration s\u00fbre, la migration et le changement climatique, ainsi que la r\u00e9int\u00e9gration des migrants de retour. Il mettra \u00e9galement l\u2019accent sur la migration environnementale et la migration irr\u00e9guli\u00e8re, et s\u2019efforcera de corriger les discours erron\u00e9s et discriminatoires sur la migration et de promouvoir un reportage \u00e9quilibr\u00e9 et factuel.<\/p>\n<p>Selon Christopher Gascon, Directeur r\u00e9gional de l\u2019OIM pour l\u2019Afrique de l\u2019Ouest et du Centre, \u00ab l\u2019objectif de ce concours est de rendre hommage aux journalistes qui mettent en \u00e9vidence la migration et son impact. \u00bb<\/p>\n<p>\u00ab Les questions li\u00e9es \u00e0 la migration sont multidimensionnelles et font souvent l\u2019objet de malentendus. Le soutien des journalistes est le meilleur moyen d\u2019expliquer ces complexit\u00e9s et de donner une compr\u00e9hension claire sur l\u2019ensemble des aspects de la migration. Un reportage efficace sur la migration permet de pr\u00e9senter \u00e0 la population une vision plus claire sur ces questions, mais \u00e9galement une compr\u00e9hension aboutie. Nous souhaitons que les histoires de migration soient rapport\u00e9es de mani\u00e8re \u00e9quilibr\u00e9e afin que les migrants puissent prendre des d\u00e9cisions \u00e9clair\u00e9es et que le grand public re\u00e7oit des informations objectives \u00bb a-t-il ajout\u00e9.<\/p>\n<p>Les journalistes \u00e9ligibles \u00e0 ce prix doivent \u00eatre des ressortissants du B\u00e9nin, du Burkina Faso, du Cap- Vert, du Cameroun, de la R\u00e9publique centrafricaine, de la R\u00e9publique du Congo, de la C\u00f4te d\u2019Ivoire, du Gabon, de la Gambie, du Ghana, de la Guin\u00e9e, de la Guin\u00e9e-Bissau, du Liberia, du Mali, de la Mauritanie, du Niger, du Nigeria, de Sao Tom\u00e9-et-Principe, du S\u00e9n\u00e9gal, de la Sierra Leone, du Tchad ou du Togo.<\/p>\n<p>Le concours est ouvert aux journalistes qui couvrent la migration et la migration irr\u00e9guli\u00e8re, les alternatives \u00e0 la migration irr\u00e9guli\u00e8re, les histoires de r\u00e9int\u00e9gration de migrants, la sensibilisation \u00e0 la migration, la migration dans un contexte d\u2019urgence, de changement climatique et de d\u00e9gradation de l\u2019environnement<\/p>\n<p>Les soumissions doivent \u00eatre publi\u00e9es \u00e0 la radio ou \u00e0 la t\u00e9l\u00e9vision, ou dans des m\u00e9dias traditionnels ou sur des plateformes num\u00e9riques, entre le 1er septembre 2020 et le 31 ao\u00fbt 2021. Les articles ne doivent pas \u00eatre plus de 5 000 caract\u00e8res, et les reportages vid\u00e9o ou audio\/radio ne doivent pas d\u00e9passer 3 minutes.<\/p>\n<p>Seules les soumissions dans lesquelles le candidat est l\u2019auteur principal ou le co-auteur de l\u2019\u0153uvre pr\u00e9sent\u00e9 seront accept\u00e9es.<\/p>\n<p>Les conditions requises sont les suivantes :<\/p>\n<p>\u00b7\u00a0 Les candidats doivent r\u00e9pondre aux principes journalistiques et aux exigences de base, en respectant strictement l\u2019\u00e9thique et les normes professionnelles.<\/p>\n<p>\u00b7\u00a0 Les soumissions doivent \u00eatre originale et de qualit\u00e9.<\/p>\n<p>\u00b7\u00a0 L\u2019article doit \u00eatre publi\u00e9 au pr\u00e9alable. Les articles soumis qui n\u2019ont pas \u00e9t\u00e9 publi\u00e9s au pr\u00e9alable seront imm\u00e9diatement disqualifi\u00e9s sans notification.<\/p>\n<p>Les laur\u00e9ats seront s\u00e9lectionn\u00e9s par un jury compos\u00e9 de repr\u00e9sentant de l\u2019OIM, des m\u00e9dias et d\u2019experts des quatre domaines th\u00e9matiques :<br \/>\n1) Migration, environnement et changement climatique<br \/>\n2)\u00a0R\u00e9int\u00e9gration<br \/>\n3)\u00a0Sensibilisation \u00e0 la migration<br \/>\n4)\u00a0Alternatives de la migration irr\u00e9guli\u00e8re<\/p>\n<p>Pour plus d\u2019informations sur les conditions g\u00e9n\u00e9rales et les r\u00e8gles pour participer, veuillez consulter le site suivant\u00a0:\u00a0<a href=\"https:\/\/bit.ly\/3tOXwrY\">https:\/\/bit.ly\/3tOXwrY<\/a><\/p>\n<p><em>Distribu\u00e9 par APO Group pour International Organization for Migration (IOM).<\/em><\/p>\n<p><strong>Pour plus d\u2019informations, veuillez contacter\u00a0:<\/strong><br \/>\nAlpha Seydi BA de<br \/>\nUnit\u00e9 r\u00e9gionale des communications et des m\u00e9dias<br \/>\nE\u00a0:\u00a0<a href=\"mailto:aba@iom.int\">aba@iom.int<\/a>,<br \/>\nT\u00a0: +221 77 345 74 54<\/p>\n<p style=\"text-align: right\"><strong>SOURCE<\/strong><br \/>\nInternational Organization for Migration (IOM)<\/p>\n<\/td>\n<\/tr>\n<\/tbody>\n<\/table>\n<p>\u00a0<\/p>\n<p>L\u2019article <a rel=\"nofollow\" href=\"https:\/\/www.sidwaya.info\/blog\/2021\/09\/16\/afrique-de-louest-et-du-centre-loim-lance-la-1ere-edition-du-journalisme-sur-la-migration\/\">Afrique de l\u2019Ouest et du Centre\u00a0: L\u2019OIM lance la 1\u00e8re \u00e9dition du prix du journalisme sur la migration<\/a> est apparu en premier sur <a rel=\"nofollow\" href=\"https:\/\/www.sidwaya.info\/\">Quotidien Sidwaya<\/a>.<\/p>\n<\/div>\n<p>Auteur: Wamini SIDWAYA<br \/>\n<a href=\"https:\/\/www.sidwaya.info\/blog\/2021\/09\/16\/afrique-de-louest-et-du-centre-loim-lance-la-1ere-edition-du-journalisme-sur-la-migration\/\">Cliquez ici pour lire l&rsquo;article depuis sa source.<\/a><\/p>\n","protected":false},"excerpt":{"rendered":"<p>Le prix r\u00e9compensera huit journalistes qui recevront chacun une somme allant jusqu\u2019\u00e0 1 250 dollars \u00a0La premi\u00e8re \u00e9dition du Prix du journalisme sur la migration en Afrique de l\u2019Ouest et du Centre est ouverte aux journalistes qui mettent en \u00e9vidence les multiples aspects de la migration en Afrique de l\u2019Ouest et du Centre. Organis\u00e9 par [&hellip;]<\/p>\n","protected":false},"author":1816,"featured_media":0,"comment_status":"closed","ping_status":"closed","sticky":false,"template":"","format":"standard","meta":{"fifu_image_url":"","fifu_image_alt":"","footnotes":""},"categories":[73,81],"tags":[],"class_list":["post-127280","post","type-post","status-publish","format-standard","hentry","category-actualite","category-burkina-faso"],"_links":{"self":[{"href":"https:\/\/linitiative.ca\/International\/wp-json\/wp\/v2\/posts\/127280","targetHints":{"allow":["GET"]}}],"collection":[{"href":"https:\/\/linitiative.ca\/International\/wp-json\/wp\/v2\/posts"}],"about":[{"href":"https:\/\/linitiative.ca\/International\/wp-json\/wp\/v2\/types\/post"}],"author":[{"embeddable":true,"href":"https:\/\/linitiative.ca\/International\/wp-json\/wp\/v2\/users\/1816"}],"replies":[{"embeddable":true,"href":"https:\/\/linitiative.ca\/International\/wp-json\/wp\/v2\/comments?post=127280"}],"version-history":[{"count":0,"href":"https:\/\/linitiative.ca\/International\/wp-json\/wp\/v2\/posts\/127280\/revisions"}],"wp:attachment":[{"href":"https:\/\/linitiative.ca\/International\/wp-json\/wp\/v2\/media?parent=127280"}],"wp:term":[{"taxonomy":"category","embeddable":true,"href":"https:\/\/linitiative.ca\/International\/wp-json\/wp\/v2\/categories?post=127280"},{"taxonomy":"post_tag","embeddable":true,"href":"https:\/\/linitiative.ca\/International\/wp-json\/wp\/v2\/tags?post=127280"}],"curies":[{"name":"wp","href":"https:\/\/api.w.org\/{rel}","templated":true}]}}