{"id":127283,"date":"2021-09-16T11:25:02","date_gmt":"2021-09-16T15:25:02","guid":{"rendered":"https:\/\/linitiative.ca\/International\/cameroun-le-president-de-la-caf-a-yaounde-pour-rencontrer-paul-biya\/"},"modified":"2021-09-16T11:25:02","modified_gmt":"2021-09-16T15:25:02","slug":"cameroun-le-president-de-la-caf-a-yaounde-pour-rencontrer-paul-biya","status":"publish","type":"post","link":"https:\/\/linitiative.ca\/International\/cameroun-le-president-de-la-caf-a-yaounde-pour-rencontrer-paul-biya\/","title":{"rendered":"Cameroun : le pr\u00e9sident de la CAF \u00e0 Yaound\u00e9 pour rencontrer Paul Biya"},"content":{"rendered":"<div>\n<p><img loading=\"lazy\" decoding=\"async\" width=\"745\" height=\"840\" src=\"https:\/\/linitiative.ca\/International\/wp-content\/uploads\/sites\/23\/2021\/09\/71fa5b00-4f7b-4fd2-933d-0b0e50710ff1-e1631806906367.jpg\" class=\"attachment-post-thumbnail size-post-thumbnail wp-post-image\" alt=\"\" srcset=\"https:\/\/linitiative.ca\/International\/wp-content\/uploads\/sites\/23\/2021\/09\/71fa5b00-4f7b-4fd2-933d-0b0e50710ff1-e1631806906367.jpg 745w, https:\/\/www.journalducameroun.com\/wp-content\/uploads\/2021\/09\/71fa5b00-4f7b-4fd2-933d-0b0e50710ff1-e1631806906367-266x300.jpg 266w, https:\/\/www.journalducameroun.com\/wp-content\/uploads\/2021\/09\/71fa5b00-4f7b-4fd2-933d-0b0e50710ff1-e1631806906367-390x440.jpg 390w, https:\/\/www.journalducameroun.com\/wp-content\/uploads\/2021\/09\/71fa5b00-4f7b-4fd2-933d-0b0e50710ff1-e1631806906367-600x677.jpg 600w\" sizes=\"auto, (max-width: 745px) 100vw, 745px\"><\/p>\n<p><strong>Une audience avec le pr\u00e9sident de la R\u00e9publique est pr\u00e9vue. L<\/strong><strong>e jet priv\u00e9 du\u00a0<\/strong><strong>Pr\u00e9sident de la Caf\u00a0<\/strong><strong>\u00a0<\/strong><strong>a atterri\u00a0<\/strong><strong>\u00a0sur le tarmac de l&rsquo;a\u00e9roport international de Yaound\u00e9-Nsimalen\u00a0<\/strong><strong>ce jeudi 16 septembre\u00a0<\/strong><strong>\u00e0 14h.\u00a0<b> Il a \u00e9t\u00e9 accueilli \u00e0 sa descente\u00a0d&rsquo;avion par le pr\u00e9sident de la F\u00e9cafoot,\u00a0<\/b>Se\u00efdou\u00a0<b>Mbombo Njya.\u00a0<\/b><\/strong><\/p>\n<p>\u00a0<\/p>\n<p>\u00a0<\/p>\n<p>\u00a0<\/p>\n<p style=\"font-weight: 400;\"><strong>Patrice Motsepe,<\/strong> le pr\u00e9sident de l&rsquo;instance faiti\u00e8re du football africain et son Secr\u00e9taire g\u00e9n\u00e9ral sont en visite au Cameroun ce jeudi 16 septembre 2021.\u00a0 Re\u00e7us cet apr\u00e8s-midi \u00e0 leur descente\u00a0d&rsquo;avion par le pr\u00e9sident de la F\u00e9cafoot,\u00a0<strong>Se\u00efdou<\/strong>\u00a0<b>Mbombo Njya.\u00a0<\/b>Une audience avec le pr\u00e9sident de la R\u00e9publique Paul Biya est pr\u00e9vue.\u00a0 Il s&rsquo;agit de la principale articulation de cette visite.<\/p>\n<p style=\"font-weight: 400;\">Une visite (surprise) dont le pr\u00e9sident du Comit\u00e9 local d&rsquo;organisation de la CAN n&rsquo;a \u00e9t\u00e9 tenue au courant qu&rsquo;il y a quelques heures.\u00a0 \u00ab <em>Nous nous excusons pour tout inconv\u00e9nient que cette information tardive pourrait engendrer et ne manquerons de vous communiquer le programme de la journ\u00e9e dans les plus courts d\u00e9tails<\/em>\u00a0\u00bb, a \u00e9crit le 15 septembre,\u00a0<strong>Jacques Marcel Diene<\/strong>, chef du cabinet du SG de la CAF\u00a0 au Pr <strong>Narcisse Mouelle Kombi.<\/strong><\/p>\n<p style=\"font-weight: 400;\">Ainsi donc, un\u00a0mois jour pour jour apr\u00e8s sa premi\u00e8re halte au pays de Paul Biya lors du tirage au sort de la\u00a033\u00e8me \u00e9dition de la\u00a0\u00a0phase finale de la CAN,\u00a0revoici le pr\u00e9sident de la CAF dans nos murs! Pour quoi faire ?\u00a0 Selon toute vraisemblance, les \u00e9changes porteront \u00a0sur la prochaine Coupe d&rsquo;Afrique des nations que le Cameroun s\u2019appr\u00eate \u00e0 accueillir.<\/p>\n<p>Cet article <a rel=\"nofollow\" href=\"https:\/\/www.journalducameroun.com\/cameroun-le-president-de-la-caf-en-visite-a-yaounde-cameroun\/\">Cameroun : le pr\u00e9sident de la CAF \u00e0 Yaound\u00e9 pour rencontrer Paul Biya<\/a> est apparu en premier sur <a rel=\"nofollow\" href=\"https:\/\/www.journalducameroun.com\/\">Journal du Cameroun<\/a>.<\/p>\n<\/div>\n<p>Auteur: Christian DJIMADEU<br \/>\n<a href=\"https:\/\/www.journalducameroun.com\/cameroun-le-president-de-la-caf-en-visite-a-yaounde-cameroun\/\">Cliquez ici pour lire l&rsquo;article depuis sa source.<\/a><\/p>\n","protected":false},"excerpt":{"rendered":"<p>Une audience avec le pr\u00e9sident de la R\u00e9publique est pr\u00e9vue. Le jet priv\u00e9 du\u00a0Pr\u00e9sident de la Caf\u00a0\u00a0a atterri\u00a0\u00a0sur le tarmac de l&rsquo;a\u00e9roport international de Yaound\u00e9-Nsimalen\u00a0ce jeudi 16 septembre\u00a0\u00e0 14h.\u00a0 Il a \u00e9t\u00e9 accueilli \u00e0 sa descente\u00a0d&rsquo;avion par le pr\u00e9sident de la F\u00e9cafoot,\u00a0Se\u00efdou\u00a0Mbombo Njya.\u00a0 \u00a0 \u00a0 \u00a0 Patrice Motsepe, le pr\u00e9sident de l&rsquo;instance faiti\u00e8re du football [&hellip;]<\/p>\n","protected":false},"author":1965,"featured_media":0,"comment_status":"closed","ping_status":"closed","sticky":false,"template":"","format":"standard","meta":{"fifu_image_url":"https:\/\/www.journalducameroun.com\/wp-content\/uploads\/2021\/09\/71fa5b00-4f7b-4fd2-933d-0b0e50710ff1-e1631806906367.jpg","fifu_image_alt":"Cameroun : le pr\u00e9sident de la CAF \u00e0 Yaound\u00e9 pour rencontrer Paul Biya","footnotes":""},"categories":[73,82],"tags":[],"class_list":["post-127283","post","type-post","status-publish","format-standard","hentry","category-actualite","category-cameroun"],"_links":{"self":[{"href":"https:\/\/linitiative.ca\/International\/wp-json\/wp\/v2\/posts\/127283","targetHints":{"allow":["GET"]}}],"collection":[{"href":"https:\/\/linitiative.ca\/International\/wp-json\/wp\/v2\/posts"}],"about":[{"href":"https:\/\/linitiative.ca\/International\/wp-json\/wp\/v2\/types\/post"}],"author":[{"embeddable":true,"href":"https:\/\/linitiative.ca\/International\/wp-json\/wp\/v2\/users\/1965"}],"replies":[{"embeddable":true,"href":"https:\/\/linitiative.ca\/International\/wp-json\/wp\/v2\/comments?post=127283"}],"version-history":[{"count":0,"href":"https:\/\/linitiative.ca\/International\/wp-json\/wp\/v2\/posts\/127283\/revisions"}],"wp:attachment":[{"href":"https:\/\/linitiative.ca\/International\/wp-json\/wp\/v2\/media?parent=127283"}],"wp:term":[{"taxonomy":"category","embeddable":true,"href":"https:\/\/linitiative.ca\/International\/wp-json\/wp\/v2\/categories?post=127283"},{"taxonomy":"post_tag","embeddable":true,"href":"https:\/\/linitiative.ca\/International\/wp-json\/wp\/v2\/tags?post=127283"}],"curies":[{"name":"wp","href":"https:\/\/api.w.org\/{rel}","templated":true}]}}