{"id":127285,"date":"2021-09-16T13:18:01","date_gmt":"2021-09-16T17:18:01","guid":{"rendered":"https:\/\/linitiative.ca\/International\/afrique-le-succes-de-la-zlecaf-exige-un-nouvel-etat-desprit\/"},"modified":"2021-09-16T13:18:01","modified_gmt":"2021-09-16T17:18:01","slug":"afrique-le-succes-de-la-zlecaf-exige-un-nouvel-etat-desprit","status":"publish","type":"post","link":"https:\/\/linitiative.ca\/International\/afrique-le-succes-de-la-zlecaf-exige-un-nouvel-etat-desprit\/","title":{"rendered":"Afrique : le succ\u00e8s de la Zlecaf exige un nouvel \u00e9tat d\u2019esprit"},"content":{"rendered":"<div>\n<p><img loading=\"lazy\" decoding=\"async\" width=\"250\" height=\"200\" src=\"https:\/\/linitiative.ca\/International\/wp-content\/uploads\/sites\/23\/2021\/09\/16318126811905.jpg\" class=\"attachment-post-thumbnail size-post-thumbnail wp-post-image\" alt=\"\"><\/p>\n<p>Les Africains doivent pr\u00e9f\u00e9rer les produits locaux si on veut r\u00e9ussir la Zone de libre-\u00e9change continentale africaine (Zlecaf), soutient un haut fonctionnaire sud-africain.S&rsquo;exprimant lors d&rsquo;une r\u00e9union avec la Communaut\u00e9 des affaires sud-africaine au Cap, Oluranti Doherty, Responsable du d\u00e9veloppement des exportations de la Banque africaine d&rsquo;import-export (Afreximbank), a d\u00e9clar\u00e9 que le d\u00e9blocage du march\u00e9 de la Zlecaf n\u00e9cessiterait un changement de mentalit\u00e9.<\/p>\n<p>\u00ab Il faudra du courage de la part des commer\u00e7ants pour rechercher de nouvelles opportunit\u00e9s de march\u00e9 sur le continent, plut\u00f4t que la convention actuelle consistant \u00e0 sauter dans un avion pour la Chine et d&rsquo;autres pays d&rsquo;outre-mer \u00bb, a dit M. Doherty.<\/p>\n<p>Selon lui, la prochaine foire commerciale intra-africaine (IATF), qui se tiendra dans la ville portuaire sud-africaine de Durban en novembre 2021, offrira une plateforme au secteur priv\u00e9 africain pour \u00e9valuer le niveau des opportunit\u00e9s offertes par la Zlecaf.<\/p>\n<p>\u00ab Nous pensons que l&rsquo;IATF jouera un r\u00f4le important en faisant du commerce intra-africain une r\u00e9alit\u00e9, soutenant ainsi la mise en \u0153uvre de la Zlecaf en fournissant une plateforme pour les acheteurs et les vendeurs, les investisseurs et les gouvernements, afin de se connecter, d&rsquo;\u00e9changer des informations sur le commerce, les investissements et le march\u00e9 et de conclure des accords commerciaux \u00bb, a poursuivi M. Doherty.<\/p>\n<p>Afreximbank, l&rsquo;Union africaine et le Secr\u00e9tariat de la Zlecaf vont organiser une tourn\u00e9e de promotion de l&rsquo;IATF-2021, qui se d\u00e9roulera du 15 au 21 novembre.<\/p>\n<p>La tourn\u00e9e du Cap a donn\u00e9 lieu \u00e0 un d\u00e9bat, hier mercredi, sur le th\u00e8me : \u00ab D\u00e9bloquer les cha\u00eenes de valeur r\u00e9gionales et mondiales par la mise en \u0153uvre de la zone de libre-\u00e9change continentale africaine \u00bb.<\/p>\n<p>Cet article <a rel=\"nofollow\" href=\"https:\/\/www.journalducameroun.com\/afrique-le-succes-de-la-zlecaf-exige-un-nouvel-etat-desprit\/\">Afrique : le succ\u00e8s de la Zlecaf exige un nouvel \u00e9tat d\u2019esprit<\/a> est apparu en premier sur <a rel=\"nofollow\" href=\"https:\/\/www.journalducameroun.com\/\">Journal du Cameroun<\/a>.<\/p>\n<\/div>\n<p>Auteur: APA News<br \/>\n<a href=\"https:\/\/www.journalducameroun.com\/afrique-le-succes-de-la-zlecaf-exige-un-nouvel-etat-desprit\/\">Cliquez ici pour lire l&rsquo;article depuis sa source.<\/a><\/p>\n","protected":false},"excerpt":{"rendered":"<p>Les Africains doivent pr\u00e9f\u00e9rer les produits locaux si on veut r\u00e9ussir la Zone de libre-\u00e9change continentale africaine (Zlecaf), soutient un haut fonctionnaire sud-africain.S&rsquo;exprimant lors d&rsquo;une r\u00e9union avec la Communaut\u00e9 des affaires sud-africaine au Cap, Oluranti Doherty, Responsable du d\u00e9veloppement des exportations de la Banque africaine d&rsquo;import-export (Afreximbank), a d\u00e9clar\u00e9 que le d\u00e9blocage du march\u00e9 de [&hellip;]<\/p>\n","protected":false},"author":1965,"featured_media":0,"comment_status":"closed","ping_status":"closed","sticky":false,"template":"","format":"standard","meta":{"fifu_image_url":"https:\/\/www.journalducameroun.com\/wp-content\/uploads\/2021\/09\/16318126811905.jpg","fifu_image_alt":"Afrique : le succ\u00e8s de la Zlecaf exige un nouvel \u00e9tat d\u2019esprit","footnotes":""},"categories":[73,82],"tags":[],"class_list":["post-127285","post","type-post","status-publish","format-standard","hentry","category-actualite","category-cameroun"],"_links":{"self":[{"href":"https:\/\/linitiative.ca\/International\/wp-json\/wp\/v2\/posts\/127285","targetHints":{"allow":["GET"]}}],"collection":[{"href":"https:\/\/linitiative.ca\/International\/wp-json\/wp\/v2\/posts"}],"about":[{"href":"https:\/\/linitiative.ca\/International\/wp-json\/wp\/v2\/types\/post"}],"author":[{"embeddable":true,"href":"https:\/\/linitiative.ca\/International\/wp-json\/wp\/v2\/users\/1965"}],"replies":[{"embeddable":true,"href":"https:\/\/linitiative.ca\/International\/wp-json\/wp\/v2\/comments?post=127285"}],"version-history":[{"count":0,"href":"https:\/\/linitiative.ca\/International\/wp-json\/wp\/v2\/posts\/127285\/revisions"}],"wp:attachment":[{"href":"https:\/\/linitiative.ca\/International\/wp-json\/wp\/v2\/media?parent=127285"}],"wp:term":[{"taxonomy":"category","embeddable":true,"href":"https:\/\/linitiative.ca\/International\/wp-json\/wp\/v2\/categories?post=127285"},{"taxonomy":"post_tag","embeddable":true,"href":"https:\/\/linitiative.ca\/International\/wp-json\/wp\/v2\/tags?post=127285"}],"curies":[{"name":"wp","href":"https:\/\/api.w.org\/{rel}","templated":true}]}}